{"id":329067,"date":"2015-10-30T07:59:46","date_gmt":"2015-10-30T12:59:46","guid":{"rendered":"http:\/\/futboltotal.com.mx\/?p=329067"},"modified":"2015-10-30T12:40:08","modified_gmt":"2015-10-30T17:40:08","slug":"miguel-herrera-viaja-a-tijuana","status":"publish","type":"post","link":"http:\/\/desarrollo.grupomedios.com\/futbol\/destacado-home\/miguel-herrera-viaja-a-tijuana\/2015\/10","title":{"rendered":"Miguel Herrera llega a Tijuana"},"content":{"rendered":"<p>Todo parece indicar que volveremos a ver muy pronto a <strong>Miguel Herrera<\/strong> en la direcci\u00f3n t\u00e9cnica\u00a0de un equipo. Ya que el Piojo ha llegado Tijuana para escuchar la oferta que le propondr\u00eda el conjunto de los <em>Xolos<\/em>.<\/p>\n<p>De hecho, el <em>Piojo<\/em> <strong>Herrera<\/strong>, ex t\u00e9cnico de la Selecci\u00f3n Mexicana y del Am\u00e9rica,\u00a0no tuvo empacho en apuntar que\u00a0estar\u00e1 presente en el duelo donde los <em>Xolos<\/em> recibir\u00e1n a\u00a0los <em>Pumas<\/em> de la UNAM, este el dia de ma\u00f1ana, dentro de\u00a0la jornada\u00a015 de la Liga MX, por invitaci\u00f3n de la directiva canina.<\/p>\n<blockquote class=\"twitter-tweet\" width=\"500\">\n<p lang=\"es\" dir=\"ltr\">.<a href=\"https:\/\/twitter.com\/MiguelHerreraDT\">@MiguelHerreraDT<\/a> llega a Tijuana! <a href=\"https:\/\/twitter.com\/hashtag\/WelcomeToTijuana?src=hash\">#WelcomeToTijuana<\/a> <a href=\"https:\/\/twitter.com\/hashtag\/Piojo?src=hash\">#Piojo<\/a> <a href=\"https:\/\/twitter.com\/hashtag\/Xolos?src=hash\">#Xolos<\/a> <a href=\"https:\/\/t.co\/DAmxQ40c2f\">pic.twitter.com\/DAmxQ40c2f<\/a><\/p>\n<p>&mdash; @XolosOficial (@XolosOficial) <a href=\"https:\/\/twitter.com\/XolosOficial\/status\/660138736726900736\">October 30, 2015<\/a><\/p><\/blockquote>\n<p><script async src=\"\/\/platform.twitter.com\/widgets.js\" charset=\"utf-8\"><\/script><\/p>\n<p>Adem\u00e1s, trasciende que <strong>Miguel Herrera<\/strong>, quien por cuestiones de reglamento no puede dirigir en M\u00e9xico en la presente temporada sino hasta el Clausura 2016, habr\u00eda prometido el t\u00edtulo en menos de un a\u00f1o para la entidad fronteriza, si es que se llega a quedar.<\/p>\n<p style=\"text-align: center;\"><strong><span style=\"color: #3366ff;\"><a style=\"color: #3366ff;\" href=\"http:\/\/futboltotal.com.mx\/2015\/10\/miguel-herrera-descarta-dirigir-a-estados-unidos\/\">LEER M\u00c1S: Miguel Herrera no querr\u00eda dirigir a Estados Unidos<\/a><\/span><\/strong><\/p>\n<p>El inter\u00e9s del equipo de Jorge Hank por los servicios del <em>Piojo<\/em> viene de muchos a\u00f1os atr\u00e1s; de hecho, el equipo por poco y logra incorporar al entrenador en el 2008, pero en su lugar lleg\u00f3\u00a0Wilson Graniolatti, por recomendaci\u00f3n de <strong>Miguel Herrera<\/strong>.<\/p>\n<p>Mientras se trabaja en el posible arribo del <em>Piojo<\/em> a los <em>Xolos<\/em>, la directiva de\u00a0<strong>Tijuana<\/strong> ha decidido la continuidad de Ra\u00fal Chabrand como t\u00e9cnico\u00a0del primer equipo, de aqu\u00ed a que concluya\u00a0el torneo.<\/p>\n","protected":false},"excerpt":{"rendered":"<p>El ex DT del Tri viaj\u00f3 a Tijuana para escuchar la propuesta canina<\/p>\n","protected":false},"author":20,"featured_media":329069,"comment_status":"closed","ping_status":"closed","sticky":false,"template":"","format":"standard","meta":[],"categories":[5,2198,3845,5950],"tags":[255,1555],"_links":{"self":[{"href":"http:\/\/desarrollo.grupomedios.com\/futbol\/wp-json\/wp\/v2\/posts\/329067"}],"collection":[{"href":"http:\/\/desarrollo.grupomedios.com\/futbol\/wp-json\/wp\/v2\/posts"}],"about":[{"href":"http:\/\/desarrollo.grupomedios.com\/futbol\/wp-json\/wp\/v2\/types\/post"}],"author":[{"embeddable":true,"href":"http:\/\/desarrollo.grupomedios.com\/futbol\/wp-json\/wp\/v2\/users\/20"}],"replies":[{"embeddable":true,"href":"http:\/\/desarrollo.grupomedios.com\/futbol\/wp-json\/wp\/v2\/comments?post=329067"}],"version-history":[{"count":0,"href":"http:\/\/desarrollo.grupomedios.com\/futbol\/wp-json\/wp\/v2\/posts\/329067\/revisions"}],"wp:featuredmedia":[{"embeddable":true,"href":"http:\/\/desarrollo.grupomedios.com\/futbol\/wp-json\/wp\/v2\/media\/329069"}],"wp:attachment":[{"href":"http:\/\/desarrollo.grupomedios.com\/futbol\/wp-json\/wp\/v2\/media?parent=329067"}],"wp:term":[{"taxonomy":"category","embeddable":true,"href":"http:\/\/desarrollo.grupomedios.com\/futbol\/wp-json\/wp\/v2\/categories?post=329067"},{"taxonomy":"post_tag","embeddable":true,"href":"http:\/\/desarrollo.grupomedios.com\/futbol\/wp-json\/wp\/v2\/tags?post=329067"}],"curies":[{"name":"wp","href":"https:\/\/api.w.org\/{rel}","templated":true}]}}