{"id":329078,"date":"2015-10-28T23:01:08","date_gmt":"2015-10-29T04:01:08","guid":{"rendered":"http:\/\/futboltotal.com.mx\/?p=329078"},"modified":"2015-10-29T16:06:13","modified_gmt":"2015-10-29T21:06:13","slug":"vuelve-la-formula-1-a-mexico","status":"publish","type":"post","link":"http:\/\/desarrollo.grupomedios.com\/futbol\/destacado-home\/vuelve-la-formula-1-a-mexico\/2015\/10","title":{"rendered":"\u00a1Vuelve la F\u00f3rmula 1 a M\u00e9xico!"},"content":{"rendered":"<p>Tras 23 a\u00f1os de ausencia, la <strong>F\u00f3rmula 1<\/strong> vuelve a <strong>M\u00e9xico<\/strong>. Del 30 de octubre al 1 de noviembre el Aut\u00f3dromo Hermanos Rodr\u00edguez ser\u00e1 el escenario del <strong>Gran Premio de M\u00e9xico<\/strong>, que tiene asegurada su celebraci\u00f3n hasta 2019.<\/p>\n<p><a href=\"http:\/\/futboltotal.com.mx\/wp-content\/uploads\/2015\/10\/INFOGRAFIA_F1_MEXICO-2.jpg\"><img decoding=\"async\" loading=\"lazy\" class=\"aligncenter size-full wp-image-329079\" src=\"http:\/\/futboltotal.com.mx\/wp-content\/uploads\/2015\/10\/INFOGRAFIA_F1_MEXICO-2.jpg\" alt=\"INFOGRAFIA_F1_MEXICO-2\" \/><\/a><\/p>\n<p><strong>El GP en M\u00e9xico<\/strong><\/p>\n<p>La <strong>F\u00f3rmula 1<\/strong> lleg\u00f3 a <strong>M\u00e9xico<\/strong> el 4 de noviembre de 1962, cuando el aut\u00f3dromo de la Magdalena Mixiuhca fue sede por primera vez de un Gran Premio (GP); este no dio puntos. Fue una prueba de la Federaci\u00f3n Internacional de Automovilismo (FIA), si <strong>M\u00e9xico<\/strong> aprobaba, lo incorporar\u00eda al programa oficial al a\u00f1o entrante. As\u00ed fue.<\/p>\n<p>Esta primera etapa se extendi\u00f3 hasta 1970. En la edici\u00f3n de ese a\u00f1o una invasi\u00f3n a los alrededores de la pista de aficionados provenientes de una competici\u00f3n ciclista realizada cerca del aut\u00f3dromo y la de un perro al asfalto no fueron bien vistas por la FIA, que cancel\u00f3 el GP de 1971.<\/p>\n<p>La segunda etapa del <strong>GP de M\u00e9xico<\/strong>, entre 1986 y 1992, tuvo grandes contiendas entre el franc\u00e9s Alain Prost y el brasile\u00f1o Ayrton Senna, hist\u00f3ricos del deporte motor, as\u00ed como el estreno en podios del alem\u00e1n Michael Schumacher, quien a la postre se convirti\u00f3 en el piloto con m\u00e1s t\u00edtulos de la <strong>F\u00f3rmula 1<\/strong>.<\/p>\n<p>No obstante, el trazado mexicano resultaba problem\u00e1tico para los pilotos, por ejemplo Senna -quien tras sufrir una volcadura en 1991- lanz\u00f3 severas cr\u00edticas. En este contexto, la FIA ya no renov\u00f3 el permiso a <strong>M\u00e9xico<\/strong> para organizar la <strong>F\u00f3rmula 1<\/strong>.<\/p>\n<p>Entonces se abri\u00f3 el par\u00e9ntesis de 23 a\u00f1os que termina en este 2015.\u00a0Y del 30 de octubre al 1 de noviembre el Aut\u00f3dromo Hermanos Rodr\u00edguez ser\u00e1 el escenario del\u00a0<strong>Gran Premio de M\u00e9xico<\/strong>,\u00a0dentro de la decimos\u00e9ptima fecha de la temporada.<\/p>\n<p>Agenda\u00a0del\u00a0<strong>Gran Premio de M\u00e9xico 2015<\/strong>:<\/p>\n<p>Viernes 30 de octubre | Pr\u00e1ctica 1 | 10:00 a 11:30 horas<\/p>\n<p>Viernes 30 de octubre | Pr\u00e1ctica 2\u00a0| 14:00 a 15:30 horas<\/p>\n<p>S\u00e1bado 31 de octubre\u00a0| Pr\u00e1ctica 3 |\u00a010:00 a 11:00 horas<\/p>\n<p>S\u00e1bado 31 de octubre\u00a0| Clasificaciones\u00a0|\u00a013:00 a 14:00 horas<\/p>\n<p>Domingo 1 de noviembre | Carrera | 13:00 a 15:00 horas<\/p>\n","protected":false},"excerpt":{"rendered":"<p>El Aut\u00f3dromo Hermanos Rodr\u00edguez, sede de la fecha 17 de la temporada 2015<\/p>\n","protected":false},"author":20,"featured_media":329083,"comment_status":"closed","ping_status":"closed","sticky":false,"template":"","format":"standard","meta":[],"categories":[5810,5,5418],"tags":[6412,5493],"_links":{"self":[{"href":"http:\/\/desarrollo.grupomedios.com\/futbol\/wp-json\/wp\/v2\/posts\/329078"}],"collection":[{"href":"http:\/\/desarrollo.grupomedios.com\/futbol\/wp-json\/wp\/v2\/posts"}],"about":[{"href":"http:\/\/desarrollo.grupomedios.com\/futbol\/wp-json\/wp\/v2\/types\/post"}],"author":[{"embeddable":true,"href":"http:\/\/desarrollo.grupomedios.com\/futbol\/wp-json\/wp\/v2\/users\/20"}],"replies":[{"embeddable":true,"href":"http:\/\/desarrollo.grupomedios.com\/futbol\/wp-json\/wp\/v2\/comments?post=329078"}],"version-history":[{"count":0,"href":"http:\/\/desarrollo.grupomedios.com\/futbol\/wp-json\/wp\/v2\/posts\/329078\/revisions"}],"wp:featuredmedia":[{"embeddable":true,"href":"http:\/\/desarrollo.grupomedios.com\/futbol\/wp-json\/wp\/v2\/media\/329083"}],"wp:attachment":[{"href":"http:\/\/desarrollo.grupomedios.com\/futbol\/wp-json\/wp\/v2\/media?parent=329078"}],"wp:term":[{"taxonomy":"category","embeddable":true,"href":"http:\/\/desarrollo.grupomedios.com\/futbol\/wp-json\/wp\/v2\/categories?post=329078"},{"taxonomy":"post_tag","embeddable":true,"href":"http:\/\/desarrollo.grupomedios.com\/futbol\/wp-json\/wp\/v2\/tags?post=329078"}],"curies":[{"name":"wp","href":"https:\/\/api.w.org\/{rel}","templated":true}]}}