{"id":329153,"date":"2015-10-30T10:59:58","date_gmt":"2015-10-30T15:59:58","guid":{"rendered":"http:\/\/futboltotal.com.mx\/?p=329153"},"modified":"2015-10-30T13:23:48","modified_gmt":"2015-10-30T18:23:48","slug":"diego-armando-maradona-el-d10s-terrenal","status":"publish","type":"post","link":"http:\/\/desarrollo.grupomedios.com\/futbol\/destacado-home\/diego-armando-maradona-el-d10s-terrenal\/2015\/10","title":{"rendered":"Diego Armando Maradona&#8230; \u00a1El D10S terrenal!"},"content":{"rendered":"<p>En la d\u00e9cada de 1980, a nueve kil\u00f3metros de la bah\u00eda de N\u00e1poles, donde est\u00e1 el Vesubio, singulares gritos retumbaban en la ciudad sure\u00f1a de Italia, m\u00e1s espec\u00edficamente en el estadio San Paolo, casa del Napoli.<\/p>\n<p>Los alaridos de la muchedumbre eran de emoci\u00f3n. La tribuna herv\u00eda de entusiasmo y se iluminaba por las bengalas que los <em>tifosi<\/em> lanzaban al aire, y un c\u00e1ntico hac\u00eda erupci\u00f3n desde las gargantas: \u201c<em>O mamma, mamma, mamma\u2026 O mamma, mamma, mamma\u2026 sai perch\u00e9 mi batte il coraz\u00f3n?\u2026 ho visto Maradona, ho visto Maradona\u2026 hey, mamma, innamorato son!<\/em> [Oh, mam\u00e1\u2026 \u00bfsabes por qu\u00e9 me late el coraz\u00f3n? He visto a <strong>Maradona<\/strong>. \u00a1Hey, mam\u00e1\u2026 estoy enamorado!]\u201d.<\/p>\n<p>Ese fervor era provocado por un hombre que desde el campo desataba pasiones volc\u00e1nicas y que en N\u00e1poles (igual que en su natal Argentina) alcanz\u00f3 el grado de divinidad.<\/p>\n<p>Habr\u00eda sido dif\u00edcil imaginar semejante adoraci\u00f3n en 1960,\u00a0cuando\u00a0<strong>Diego Armando Maradona<\/strong>\u00a0naci\u00f3.<\/p>\n<p><strong>SUE\u00d1OS DE\u00a0NI\u00d1O<\/strong><\/p>\n<p>\u201cNac\u00ed en un barrio privado\u201d, dice <strong>Maradona<\/strong> en su autobiograf\u00eda\u00a0<em>Yo soy el Diego<\/em>, pero a\u00f1ade: \u201cPrivado de luz, agua y tel\u00e9fono\u201d. Se refiere a Villa Fiorito, suburbio al sur de Buenos Aires. Ah\u00ed, en una casa de suelo de tierra, naci\u00f3 el <strong>30 de\u00a0octubre de 1960<\/strong> el quinto hijo de don Diego Maradona y Dalma Salvadora Franco: <strong>Diego Armando<\/strong>.<\/p>\n<p>Cuando ten\u00eda 12 a\u00f1os, en una entrevista le preguntaron con qu\u00e9 so\u00f1aba y su respuesta fue como una profec\u00eda: \u201cMi primer sue\u00f1o es jugar un Mundial. El segundo es ganarlo\u201d.<\/p>\n<p><strong>D10S EN LA TIERRA<\/strong><\/p>\n<p>16 a\u00f1os despu\u00e9s, ya reconocido como una figura a nivel global, capitane\u00f3 al seleccionado dirigido por Carlos Salvador Bilardo que enfil\u00f3 a M\u00e9xico. 10 era el n\u00famero de su camiseta y 10 fueron los goles en los que intervino de los 14 que la\u00a0<em>Albiceleste<\/em>\u00a0hizo en la Copa: cinco anotados y cinco asistencias. Pero para dimensionar la verdadera trascendencia de M\u00e9xico 1986 en la carrera de <strong>Diego Armando Maradona<\/strong>, y entender c\u00f3mo se convirti\u00f3 en\u00a0<em>D10S<\/em>, hace falta hablar del milagro m\u00e1s grande\u00a0de su zurda prodigiosa.<\/p>\n<p>Argentina se instal\u00f3 en los Cuartos de Final, donde enfrentar\u00eda a Inglaterra. Cuatro a\u00f1os antes, ambos pa\u00edses se hab\u00edan disputado la soberan\u00eda de las Islas Malvinas en una guerra, por lo que el choque era \u201ccomo ganarle a un pa\u00eds\u201d, seg\u00fan <strong>Maradona<\/strong>. Al minuto 51, con el partido 0-0, el 10 cometi\u00f3 una trampa obscena: ante la salida del portero, salt\u00f3 y mand\u00f3 el bal\u00f3n dentro del arco\u2026 \u00a1con la mano izquierda! Por alguna raz\u00f3n, el \u00e1rbitro valid\u00f3 el gol. Lo peor fue que tras el duelo le preguntaron por esa jugada y dijo que no hab\u00eda sido su mano la autora del tanto: \u201cFue la Mano de Dios\u201d.<\/p>\n<p><a href=\"http:\/\/futboltotal.com.mx\/wp-content\/uploads\/2015\/10\/maradona_mano_de_dios.jpg\"><img decoding=\"async\" loading=\"lazy\" class=\"aligncenter size-full wp-image-329164\" src=\"http:\/\/futboltotal.com.mx\/wp-content\/uploads\/2015\/10\/maradona_mano_de_dios.jpg\" alt=\"maradona_mano_de_dios\" srcset=\"http:\/\/desarrollo.grupomedios.com\/futbol\/wp-content\/uploads\/2015\/10\/maradona_mano_de_dios.jpg 800w, http:\/\/desarrollo.grupomedios.com\/futbol\/wp-content\/uploads\/2015\/10\/maradona_mano_de_dios-300x113.jpg 300w\" sizes=\"(max-width: 800px) 100vw, 800px\" \/><\/a><\/p>\n<p>Sin embargo, lo que hizo cuatro minutos despu\u00e9s de su fechor\u00eda puso de pie al planeta del futbol. Recibi\u00f3 un bal\u00f3n en el semic\u00edrculo y comenz\u00f3 a tejer una serie de gambetas, fintas y arranques que lo pusieron en el \u00e1rea inglesa. El cronista uruguayo V\u00edctor Hugo Morales narraba el juego para la televisi\u00f3n: <em>\u201cArranca por la derecha el genio del futbol mundial\u2026\u201d<\/em>. Uno, dos, tres\u2026 as\u00ed hasta contar seis ingleses se quedaron en el camino, inutilizados por la perfecci\u00f3n de la trayectoria que el 10 fue trazando hacia la meta de Shilton, a quien dej\u00f3 sembrado con un recorte de zurda, antes de mandar el bal\u00f3n a las redes.<\/p>\n<p>Morales estall\u00f3: \u201c<em>\u00a1Quiero llorar, Dios santo! Barrilete c\u00f3smico, \u00bfde qu\u00e9 planeta viniste para dejar en el camino a tanto ingl\u00e9s?<\/em>\u201d.<\/p>\n<p>Aquella tarde, <strong>Diego Armando Maradona<\/strong> arranc\u00f3 un recorrido que sigui\u00f3 doblando a B\u00e9lgica en semifinales, y termin\u00f3 con el cumplimiento del sue\u00f1o de ser Campe\u00f3n Mundial, derrotando a Alemania.<\/p>\n<p><em>Texto de Eduardo Venegas<\/em><\/p>\n<p><span style=\"color: #ff0000;\"><strong>VIDEO: Diego Maradona y su momentos de antolog\u00eda.<\/strong><\/span><\/p>\n<p>[video_player]https:\/\/player.vimeo.com\/external\/144150235.sd.mp4?s=eab451b1a1998b91ba9cdff5afbd5fca&amp;profile_id=112[\/video_player]<\/p>\n","protected":false},"excerpt":{"rendered":"<p>Brill\u00f3 ante el mundo a los 10 a\u00f1os y en 1986 dej\u00f3 un legado en el futbol<\/p>\n","protected":false},"author":20,"featured_media":329238,"comment_status":"closed","ping_status":"closed","sticky":false,"template":"","format":"standard","meta":[],"categories":[5,3839],"tags":[690,249],"_links":{"self":[{"href":"http:\/\/desarrollo.grupomedios.com\/futbol\/wp-json\/wp\/v2\/posts\/329153"}],"collection":[{"href":"http:\/\/desarrollo.grupomedios.com\/futbol\/wp-json\/wp\/v2\/posts"}],"about":[{"href":"http:\/\/desarrollo.grupomedios.com\/futbol\/wp-json\/wp\/v2\/types\/post"}],"author":[{"embeddable":true,"href":"http:\/\/desarrollo.grupomedios.com\/futbol\/wp-json\/wp\/v2\/users\/20"}],"replies":[{"embeddable":true,"href":"http:\/\/desarrollo.grupomedios.com\/futbol\/wp-json\/wp\/v2\/comments?post=329153"}],"version-history":[{"count":0,"href":"http:\/\/desarrollo.grupomedios.com\/futbol\/wp-json\/wp\/v2\/posts\/329153\/revisions"}],"wp:featuredmedia":[{"embeddable":true,"href":"http:\/\/desarrollo.grupomedios.com\/futbol\/wp-json\/wp\/v2\/media\/329238"}],"wp:attachment":[{"href":"http:\/\/desarrollo.grupomedios.com\/futbol\/wp-json\/wp\/v2\/media?parent=329153"}],"wp:term":[{"taxonomy":"category","embeddable":true,"href":"http:\/\/desarrollo.grupomedios.com\/futbol\/wp-json\/wp\/v2\/categories?post=329153"},{"taxonomy":"post_tag","embeddable":true,"href":"http:\/\/desarrollo.grupomedios.com\/futbol\/wp-json\/wp\/v2\/tags?post=329153"}],"curies":[{"name":"wp","href":"https:\/\/api.w.org\/{rel}","templated":true}]}}