{"id":329229,"date":"2015-10-30T11:00:01","date_gmt":"2015-10-30T16:00:01","guid":{"rendered":"http:\/\/futboltotal.com.mx\/?p=329229"},"modified":"2015-10-30T13:24:38","modified_gmt":"2015-10-30T18:24:38","slug":"diego-armando-maradona-las-10-del-d10s","status":"publish","type":"post","link":"http:\/\/desarrollo.grupomedios.com\/futbol\/destacado-home\/diego-armando-maradona-las-10-del-d10s\/2015\/10","title":{"rendered":"Diego Armando Maradona: las 10 del D10S"},"content":{"rendered":"<p>&#8220;\u00a1Genio! \u00a1Genio! \u00a1Genio! Ta-ta-ta-ta-ta-ta\u2026 Goooooool\u2026 Gooooool\u2026 \u00a1Quiero llorar! \u00a1Dios santo, viva el futbol! \u00a1Golaaaaaaazooooooo! \u00a1Diegooooooool! <strong>\u00a1Maradona!<\/strong> Es para llorar, perd\u00f3nenme\u2026 <strong>Maradona<\/strong>, en corrida memorable, en la jugada de todos los tiempos\u2026 barrilete c\u00f3smico\u2026 \u00bfde qu\u00e9 planeta viniste?\u201d\u2026<\/p>\n<p>Dicho fragmento de la narraci\u00f3n del periodista uruguayo V\u00edctor Hugo Morales es \u00e9pico. Esa fue la forma de mostrar su jubilo por aquel gol del <em>Pelusa<\/em> en el Mundial de M\u00e9xico 86, ante los ingleses. El gol del siglo. Un gol con tremenda trascendencia. Una jugada con la que se resume su carrera. Una anotaci\u00f3n que encumbr\u00f3 a <strong>Diego Armando Maradona<\/strong>. Con su exquisito gambeteo, con sus explosivas conducciones y ese toque celestial, el <em>Diego<\/em> marc\u00f3 una \u00e9poca en Argentina y en todo el planeta, sin importar el equipo.<\/p>\n<p>Hoy, 30 de octubre, <strong>Maradona cumple 55 a\u00f1os<\/strong>. Futbol Total recuerda al <em>D10S<\/em> del balompi\u00e9 con un recorrido virtual impactante de sus mejores momentos.<\/p>\n<p style=\"text-align: center;\"><span style=\"color: #3366ff;\"><strong><a style=\"color: #3366ff;\" href=\"http:\/\/futboltotal.com.mx\/2015\/10\/diego-armando-maradona-el-d10s-terrenal\/\">LEER M\u00c1S: Maradona: el D10S terrenal.<\/a><\/strong><\/span><\/p>\n<p>En el pasaje recordaremos sus inicios con los <em>Cebollitas<\/em>, hasta su debut con tan solo 15 a\u00f1os en Argentinos Juniors. Su historial con Boca Juniors y su periplo en el futbol europeo, donde se hizo inolvidable por su trayectoria con el N\u00e1poles, su omnipresencia con Argentina y lamentablemente, un ocaso terrible, que oscureci\u00f3 un \u00e9poca su gran trayectoria.<\/p>\n<p><iframe loading=\"lazy\" style=\"height: 650px;\" src=\"\/\/cdn.knightlab.com\/libs\/timeline3\/latest\/embed\/index.html?source=1AAOBEpVubYY66Q1R9IgzneDPJYPYu9pNhUwEMgGf1A8&amp;font=Default&amp;lang=en&amp;initial_zoom=2&amp;height=650\" width=\"100%\" frameborder=\"0\"><\/iframe><\/p>\n<p>VIDEO: Diego Maradona y su momentos de antolog\u00eda.<\/p>\n<p>[video_player]https:\/\/player.vimeo.com\/external\/144150235.sd.mp4?s=eab451b1a1998b91ba9cdff5afbd5fca&#038;profile_id=112[\/video_player]<\/p>\n","protected":false},"excerpt":{"rendered":"<p>Un recorrido virtual impactante del mejor futbolista argentino de la historia <\/p>\n","protected":false},"author":20,"featured_media":329165,"comment_status":"closed","ping_status":"closed","sticky":false,"template":"","format":"standard","meta":[],"categories":[5,3839],"tags":[5996,690],"_links":{"self":[{"href":"http:\/\/desarrollo.grupomedios.com\/futbol\/wp-json\/wp\/v2\/posts\/329229"}],"collection":[{"href":"http:\/\/desarrollo.grupomedios.com\/futbol\/wp-json\/wp\/v2\/posts"}],"about":[{"href":"http:\/\/desarrollo.grupomedios.com\/futbol\/wp-json\/wp\/v2\/types\/post"}],"author":[{"embeddable":true,"href":"http:\/\/desarrollo.grupomedios.com\/futbol\/wp-json\/wp\/v2\/users\/20"}],"replies":[{"embeddable":true,"href":"http:\/\/desarrollo.grupomedios.com\/futbol\/wp-json\/wp\/v2\/comments?post=329229"}],"version-history":[{"count":0,"href":"http:\/\/desarrollo.grupomedios.com\/futbol\/wp-json\/wp\/v2\/posts\/329229\/revisions"}],"wp:featuredmedia":[{"embeddable":true,"href":"http:\/\/desarrollo.grupomedios.com\/futbol\/wp-json\/wp\/v2\/media\/329165"}],"wp:attachment":[{"href":"http:\/\/desarrollo.grupomedios.com\/futbol\/wp-json\/wp\/v2\/media?parent=329229"}],"wp:term":[{"taxonomy":"category","embeddable":true,"href":"http:\/\/desarrollo.grupomedios.com\/futbol\/wp-json\/wp\/v2\/categories?post=329229"},{"taxonomy":"post_tag","embeddable":true,"href":"http:\/\/desarrollo.grupomedios.com\/futbol\/wp-json\/wp\/v2\/tags?post=329229"}],"curies":[{"name":"wp","href":"https:\/\/api.w.org\/{rel}","templated":true}]}}