{"id":329378,"date":"2015-10-30T17:39:58","date_gmt":"2015-10-30T22:39:58","guid":{"rendered":"http:\/\/futboltotal.com.mx\/?p=329378"},"modified":"2015-10-30T17:48:08","modified_gmt":"2015-10-30T22:48:08","slug":"ronaldinho-extrana-a-mexico","status":"publish","type":"post","link":"http:\/\/desarrollo.grupomedios.com\/futbol\/videos\/ronaldinho-extrana-a-mexico\/2015\/10","title":{"rendered":"\u00bfRonaldinho extra\u00f1a a M\u00e9xico?"},"content":{"rendered":"<p>El futbolista brasile\u00f1o, Ronaldo de Assis Moreira, mejor conocido como <strong>Ronaldinho<\/strong>, public\u00f3 un video en su cuenta de Twitter, sobre su aportaci\u00f3n al <strong><a href=\"http:\/\/www.futboltotal.com.mx\/equipos\/queretaro\/\" target=\"_blank\">Quer\u00e9taro<\/a><\/strong>, a quien recuerda con cari\u00f1o de igual forma que a M\u00e9xico.<\/p>\n<p><strong>Ronaldinho<\/strong> se encuentra actualmente sin equipo, ya que el Fluminense decidi\u00f3 no renovar contrato con \u00e9l; se le ha vinculado con varios equipos de \u00c1frica, Asia, Europa, e incluso el mismo <em>Dinho<\/em>, en su visita a M\u00e9xico de hace unos d\u00edas, asegur\u00f3 que le gustar\u00eda volver a la Liga MX, con lo que su publicaci\u00f3n podr\u00eda ser un gui\u00f1o de nostalgia hacia tierras aztecas.<\/p>\n<p style=\"text-align: center;\"><span style=\"color: #0000ff;\"><strong><a style=\"color: #0000ff;\" href=\"http:\/\/futboltotal.com.mx\/2015\/10\/ronaldinho-anota-y-da-asistencia-de-lujo\/\" target=\"_blank\">LEER M\u00c1S: Ronaldinho da asistencia de lujo<\/a><\/strong><\/span><\/p>\n<blockquote class=\"twitter-tweet\" lang=\"es\">\n<p dir=\"ltr\" lang=\"pt\">Lembrando esse momento muito bom no M\u00e9xico jogando pelo <a href=\"https:\/\/twitter.com\/Club_Queretaro\">@Club_Queretaro<\/a> <a href=\"https:\/\/twitter.com\/hashtag\/Tbt?src=hash\">#Tbt<\/a> <a href=\"https:\/\/twitter.com\/hashtag\/ThrowbackThursday?src=hash\">#ThrowbackThursday<\/a> <a href=\"https:\/\/t.co\/LTP38qGrDw\">https:\/\/t.co\/LTP38qGrDw<\/a><\/p>\n<p>\u2014 Ronaldinho Ga\u00facho (@10Ronaldinho) <a href=\"https:\/\/twitter.com\/10Ronaldinho\/status\/659777396133011456\">octubre 29, 2015<\/a><\/p><\/blockquote>\n<p><script src=\"\/\/platform.twitter.com\/widgets.js\" async=\"\" charset=\"utf-8\"><\/script><\/p>\n","protected":false},"excerpt":{"rendered":"<p>Dinho hace un gui\u00f1o de nostalgia por su situaci\u00f3n deportiva<\/p>\n","protected":false},"author":20,"featured_media":329383,"comment_status":"closed","ping_status":"closed","sticky":false,"template":"","format":"standard","meta":[],"categories":[2198,3845,4],"tags":[5970,5997],"_links":{"self":[{"href":"http:\/\/desarrollo.grupomedios.com\/futbol\/wp-json\/wp\/v2\/posts\/329378"}],"collection":[{"href":"http:\/\/desarrollo.grupomedios.com\/futbol\/wp-json\/wp\/v2\/posts"}],"about":[{"href":"http:\/\/desarrollo.grupomedios.com\/futbol\/wp-json\/wp\/v2\/types\/post"}],"author":[{"embeddable":true,"href":"http:\/\/desarrollo.grupomedios.com\/futbol\/wp-json\/wp\/v2\/users\/20"}],"replies":[{"embeddable":true,"href":"http:\/\/desarrollo.grupomedios.com\/futbol\/wp-json\/wp\/v2\/comments?post=329378"}],"version-history":[{"count":0,"href":"http:\/\/desarrollo.grupomedios.com\/futbol\/wp-json\/wp\/v2\/posts\/329378\/revisions"}],"wp:featuredmedia":[{"embeddable":true,"href":"http:\/\/desarrollo.grupomedios.com\/futbol\/wp-json\/wp\/v2\/media\/329383"}],"wp:attachment":[{"href":"http:\/\/desarrollo.grupomedios.com\/futbol\/wp-json\/wp\/v2\/media?parent=329378"}],"wp:term":[{"taxonomy":"category","embeddable":true,"href":"http:\/\/desarrollo.grupomedios.com\/futbol\/wp-json\/wp\/v2\/categories?post=329378"},{"taxonomy":"post_tag","embeddable":true,"href":"http:\/\/desarrollo.grupomedios.com\/futbol\/wp-json\/wp\/v2\/tags?post=329378"}],"curies":[{"name":"wp","href":"https:\/\/api.w.org\/{rel}","templated":true}]}}