{"id":329386,"date":"2015-10-30T18:04:28","date_gmt":"2015-10-30T23:04:28","guid":{"rendered":"http:\/\/futboltotal.com.mx\/?p=329386"},"modified":"2015-10-30T22:04:08","modified_gmt":"2015-10-31T03:04:08","slug":"america-impulsa-al-checo-perez","status":"publish","type":"post","link":"http:\/\/desarrollo.grupomedios.com\/futbol\/futbol-mexicano\/america-impulsa-al-checo-perez\/2015\/10","title":{"rendered":"Am\u00e9rica impulsa al Checo P\u00e9rez"},"content":{"rendered":"<p>El <a href=\"http:\/\/www.futboltotal.com.mx\/equipos\/america\/\" target=\"_blank\"><strong>Club Am\u00e9rica<\/strong><\/a>, le envi\u00f3 un mensaje de apoyo al piloto mexicano, <strong>Sergio P\u00e9rez<\/strong>, de cara al <strong>Gran Premio de M\u00e9xico<\/strong>, que se celebrar\u00e1 a partir del pr\u00f3ximo 1 de noviembre. Las <em>\u00c1guilas<\/em> conf\u00edan en que el <em>Checo<\/em> tenga \u00e9xito en el certamen.<\/p>\n<p><strong>Am\u00e9rica<\/strong> se tom\u00f3 una foto con el plantel que protagoniza el Apertura 2015, acompa\u00f1ado de una manta que dice &#8220;Vamos <strong>Checo P\u00e9rez<\/strong>, a volar como <em>\u00c1guila<\/em>&#8220;.<\/p>\n<blockquote class=\"twitter-tweet\" lang=\"es\">\n<p dir=\"ltr\" lang=\"es\"><a href=\"https:\/\/twitter.com\/hashtag\/Nota%C3%81guila?src=hash\">#Nota\u00c1guila<\/a> Club Am\u00e9rica desea \u00e9xito a <a href=\"https:\/\/twitter.com\/SChecoPerez\">@SChecoPerez<\/a> \u2192<a href=\"https:\/\/t.co\/4KzjeTREY3\">https:\/\/t.co\/4KzjeTREY3<\/a> <a href=\"https:\/\/t.co\/Y2W5l0AbwO\">pic.twitter.com\/Y2W5l0AbwO<\/a><\/p>\n<p>\u2014 Club Am\u00e9rica (@CF_America) <a href=\"https:\/\/twitter.com\/CF_America\/status\/660212548348854273\">octubre 30, 2015<\/a><\/p><\/blockquote>\n<p><script src=\"\/\/platform.twitter.com\/widgets.js\" async=\"\" charset=\"utf-8\"><\/script><\/p>\n<p>El <strong>Am\u00e9rica<\/strong> le envi\u00f3 el mensaje de apoyo a <strong>Sergio Checo P\u00e9rez<\/strong>, en el primer d\u00eda de pr\u00e1ctica previo al <strong>Gran Premio de M\u00e9xico<\/strong>, que se celebr\u00f3 en la sede del evento, el Aut\u00f3nomo Hermanos Rodr\u00edguez.<\/p>\n<p style=\"text-align: center;\"><span style=\"color: #3366ff;\"><strong><a style=\"color: #3366ff;\" href=\"http:\/\/futboltotal.com.mx\/2015\/10\/formula-1-concluye-su-primer-dia-de-practicas-en-mexico\/\" target=\"_blank\">LEER M\u00c1S: C\u00f3mo les fue a los pilotos en el primer d\u00eda de pr\u00e1cticas rumbo al GP de M\u00e9xico.<\/a><\/strong><\/span><\/p>\n<p>Esta ser\u00e1 la primera ocasi\u00f3n en que <strong>Sergio P\u00e9rez<\/strong> corra en M\u00e9xico luego de haber disputado ya 92 Grandes Premios, en los que ha logrado 5 premios, siendo el tercer lugar que logr\u00f3 en Rusia en esta temporada el m\u00e1s reciente<\/p>\n<p><span style=\"color: #ff0000;\"><strong>VIDEO: TOP 5 | Partidos de terror del Am\u00e9rica frente al Toluca<\/strong><\/span><\/p>\n<p>[video_player]https:\/\/player.vimeo.com\/external\/144166374.hd.mp4?s=455997ea012e736268c3535179dce87d&amp;profile_id=113[\/video_player]<\/p>\n","protected":false},"excerpt":{"rendered":"<p>El club de Coapa envi\u00f3 un mensaje de apoyo al piloto rumbo al GP<\/p>\n","protected":false},"author":20,"featured_media":329393,"comment_status":"closed","ping_status":"closed","sticky":false,"template":"","format":"standard","meta":[],"categories":[5810,2198,3845,5418],"tags":[5959,6302,5771],"_links":{"self":[{"href":"http:\/\/desarrollo.grupomedios.com\/futbol\/wp-json\/wp\/v2\/posts\/329386"}],"collection":[{"href":"http:\/\/desarrollo.grupomedios.com\/futbol\/wp-json\/wp\/v2\/posts"}],"about":[{"href":"http:\/\/desarrollo.grupomedios.com\/futbol\/wp-json\/wp\/v2\/types\/post"}],"author":[{"embeddable":true,"href":"http:\/\/desarrollo.grupomedios.com\/futbol\/wp-json\/wp\/v2\/users\/20"}],"replies":[{"embeddable":true,"href":"http:\/\/desarrollo.grupomedios.com\/futbol\/wp-json\/wp\/v2\/comments?post=329386"}],"version-history":[{"count":0,"href":"http:\/\/desarrollo.grupomedios.com\/futbol\/wp-json\/wp\/v2\/posts\/329386\/revisions"}],"wp:featuredmedia":[{"embeddable":true,"href":"http:\/\/desarrollo.grupomedios.com\/futbol\/wp-json\/wp\/v2\/media\/329393"}],"wp:attachment":[{"href":"http:\/\/desarrollo.grupomedios.com\/futbol\/wp-json\/wp\/v2\/media?parent=329386"}],"wp:term":[{"taxonomy":"category","embeddable":true,"href":"http:\/\/desarrollo.grupomedios.com\/futbol\/wp-json\/wp\/v2\/categories?post=329386"},{"taxonomy":"post_tag","embeddable":true,"href":"http:\/\/desarrollo.grupomedios.com\/futbol\/wp-json\/wp\/v2\/tags?post=329386"}],"curies":[{"name":"wp","href":"https:\/\/api.w.org\/{rel}","templated":true}]}}