{"id":329610,"date":"2015-10-31T11:18:43","date_gmt":"2015-10-31T16:18:43","guid":{"rendered":"http:\/\/futboltotal.com.mx\/?p=329610"},"modified":"2015-10-31T15:02:27","modified_gmt":"2015-10-31T20:02:27","slug":"marco-van-basten-el-inolvidable-da-vinci-del-futbol","status":"publish","type":"post","link":"http:\/\/desarrollo.grupomedios.com\/futbol\/destacado-home\/marco-van-basten-el-inolvidable-da-vinci-del-futbol\/2015\/10","title":{"rendered":"Van Basten, el inolvidable Da Vinci del futbol"},"content":{"rendered":"<p>Diego Armando Maradona es por muchos considerado el mejor futbolista de la historia, por eso, su definici\u00f3n sobre lo que fue <strong>Marco Van Basten<\/strong> cuenta con un incalculable valor y muestra lo importante que result\u00f3 el delantero holand\u00e9s en la historia del futbol. De hecho, en esta \u00e9poca de egos, la despedida que le brind\u00f3 el <em>Pelusa<\/em> nadie la escuchar\u00e1 en boca de Messi cuando Cristiano Ronaldo se retire o viceversa: &#8220;Si Dios ha decidido que ya no puede jugar m\u00e1s, ser\u00e1 porque no quiere m\u00e1s goles bellos\u201d, excelsa definici\u00f3n para aquel portentoso delantero.<\/p>\n<p>&#8220;Era una m\u00e1quina de hacer goles que se rompi\u00f3 cuando iba a convertirse en el mejor de todos. Lo fue igual, pero no lleg\u00f3 a n\u00famero uno&#8221;. \u00a0As\u00ed continuaba con sus elogios Maradona sobre un delantero que solo nos regal\u00f3 una pizca de su talento, pues las lesiones lo mermaron y nos impidieron ver por m\u00e1s tiempo a un\u00a0atacante\u00a0de \u00e9poca, pese a eso, su\u00a0talento mostrado trascendi\u00f3 fronteras y como no pod\u00eda ser de otra forma, le vali\u00f3 elogios de otro grande del balompi\u00e9 mundial, el mejor futbolista holand\u00e9s de la historia.<\/p>\n<p>Marco Van Basten (Utrecht, Pa\u00edses Bajos, 31 de octubre de 1964) naci\u00f3 con estrella para el futbol. En su debut como profesional ingres\u00f3 por Johan Cruyff y marc\u00f3 un gol, un cabezazo soberbio que ense\u00f1\u00f3 tan solo uno de los talentos de su enorme repertorio con\u00a0definiciones majestuosas. \u00a0Tiempo atr\u00e1s, Cruyff\u00a0paseaba por las canchas del Ajax antes de retirarse y ojeando a las futuras estrellas del conjunto de Amsterdam qued\u00f3 maravillado al ver la est\u00e9tica de los goles del joven atacante y solt\u00f3 a sus compa\u00f1eros un<strong>\u00a0<\/strong>&#8220;observen a ese muchacho, es el nuevo Johan Cruyff&#8221;. Aquellas palabras expresaban la magnitud de joya que enamorar\u00eda a los fan\u00e1ticos, un futbolista que marcar\u00eda una era en el futbol, corta pero inolvidable.<\/p>\n<p>Sus destrezas hicieron ver chica a la liga holandesa. Con el Ajax se coron\u00f3 en seis ocasiones: tres veces de la Eredivisie y otras tres en la Copa de Holanda. En el plano individual fue el mejor goleador del certamen local durante cuatro temporadas consecutivas. Solo hab\u00eda un peque\u00f1o problema para permanecer en la cima: su tobillo de cristal.<\/p>\n<p style=\"text-align: center;\"><strong><span style=\"color: #3366ff;\"><a style=\"color: #3366ff;\" href=\"http:\/\/futboltotal.com.mx\/2015\/10\/diego-armando-maradona-las-10-del-d10s\/\">LEER M\u00c1S: Diego Armando Maradona: las 10 del D10S.<\/a><\/span><\/strong><\/p>\n<p>El Milan lo compr\u00f3 para la temporada 87-88 y culmin\u00f3 con la jetatura impuesta por el N\u00e1poles de Maradona, pese a que Van Basten solo disput\u00f3 once jornadas por una lesi\u00f3n en la clav\u00edcula, sus escasas actuaciones fueron importantes. La Eurocopa de 1988 era el paso definitiva para erigirse como leyenda de la <em>Oranje<\/em>. Empez\u00f3 desde la banca el certamen, como consecuencia de su poca actividad con los <em>rossoneros<\/em>. Bosman parti\u00f3 como el titular pero problemas en el primer partido para Holanda le abrieron un lugar al centro delantero perfecto. La URSS venci\u00f3 0-1 a Pa\u00edses Bajos en el primer partido de la fase de grupos, por lo que tres d\u00edas m\u00e1s tarde, Van Basten entr\u00f3 en el once titular para plantar cara a Inglaterra. Marco demostr\u00f3 que era uno de lo mejores delanteros del mundo y anot\u00f3 tres dianas que dejaban al equipo en disposici\u00f3n de pasar a las semifinales. El camino puso a Alemania en la v\u00edspera de la final y Holanda sufri\u00f3 pero super\u00f3. La revancha lleg\u00f3 en la final.<\/p>\n<p>La gran diferencia para la reedici\u00f3n del duelo ante la URSS: Marco Van Basten. Gullit adelant\u00f3 a Pa\u00edses Bajos pasada la media hora, pero la obra de arte de la tarde la firm\u00f3 Marco van Basten en el minuto 54. Arnold M\u00fchren centr\u00f3 desde la banda izquierda. El bal\u00f3n se fue largo. Muy largo. Pero Marco no lo dio por perdido y, llegando en carrera atac\u00f3 el bal\u00f3n. En la frontal del \u00e1rea peque\u00f1a esperaba Gullit entre dos defensores. Si la cosa sal\u00eda bien, tal vez van Basten lograse centrar el bal\u00f3 al primer toque. Pero Marco era un genio y por su cabeza desfilaban otras ideas.<\/p>\n<p>&#8220;Cuando recib\u00ed el bal\u00f3n estaba un poco cansado y pens\u00e9: puedo pararlo y tratar de hacer algo entre todos esos defensas o, m\u00e1s f\u00e1cil, arriesgarme y disparar. Todo fue bien. Es una de esas cosas que a veces, simplemente, ocurren&#8221;. Hizo lo f\u00e1cil. Se arriesg\u00f3. Dispar\u00f3. Y ocurri\u00f3. Bajo el larguero observaba la jugada Rinat Dasayev, considerado el mejor portero del mundo. No pudo hacer nada. El bal\u00f3n pas\u00f3 por encima suyo como un misil. Salt\u00f3 y estir\u00f3 el brazo derecho, pero la redonda ten\u00eda ya establecida una par\u00e1bola imposible para envolverse en la red, junto al palo m\u00e1s alejado.<\/p>\n<p><iframe loading=\"lazy\" src=\"https:\/\/www.youtube.com\/embed\/fkKK8H18tCA\" frameborder=\"0\" allowfullscreen=\"allowfullscreen\"><\/iframe><\/p>\n<p>Esa escena se convirti\u00f3 en m\u00edtica. Mejor gol en la historia del Eurocopa. Tanto que permiti\u00f3 el \u00fanico t\u00edtulo de Holanda a nivel selecci\u00f3n. Momento culminante de la carrera del extraordinario delantero. Est\u00e9ticamente inmejorable. Van Basten se llev\u00f3 el Bal\u00f3n de Oro al culminar ese a\u00f1o y se llevar\u00eda dos m\u00e1s (1989-1992) pero a partir de ese momento el tobillo fue su peor enemigo. Un sinf\u00edn de operaciones y un dolor constante, ni siquiera a su boda pudo acudir exento de aquel mal. Se cas\u00f3 con muletas. Ese mal lo aquej\u00f3 y provoc\u00f3 su retiro prematuro. Normal que en su adi\u00f3s Adriano Galliani, art\u00edfice de su traspaso al Milan, se lamentara: &#8220;El f\u00fatbol pierde su Leonardo Da Vinci&#8221;.<\/p>\n<p><a href=\"http:\/\/futboltotal.com.mx\/wp-content\/uploads\/2015\/01\/VAN-BASTEN-FINAL.jpg\"><img decoding=\"async\" loading=\"lazy\" class=\"alignnone size-full wp-image-253095\" src=\"http:\/\/futboltotal.com.mx\/wp-content\/uploads\/2015\/01\/VAN-BASTEN-FINAL.jpg\" alt=\"VAN-BASTEN-FINAL\" \/><\/a><\/p>\n<\/div>\n","protected":false},"excerpt":{"rendered":"<p>Impactantes los elogios que recibi\u00f3 en su mejor \u00e9poca de Maradona y Cruyff <\/p>\n","protected":false},"author":20,"featured_media":328420,"comment_status":"closed","ping_status":"closed","sticky":false,"template":"","format":"standard","meta":[],"categories":[5,3839],"tags":[690,6024,6421],"_links":{"self":[{"href":"http:\/\/desarrollo.grupomedios.com\/futbol\/wp-json\/wp\/v2\/posts\/329610"}],"collection":[{"href":"http:\/\/desarrollo.grupomedios.com\/futbol\/wp-json\/wp\/v2\/posts"}],"about":[{"href":"http:\/\/desarrollo.grupomedios.com\/futbol\/wp-json\/wp\/v2\/types\/post"}],"author":[{"embeddable":true,"href":"http:\/\/desarrollo.grupomedios.com\/futbol\/wp-json\/wp\/v2\/users\/20"}],"replies":[{"embeddable":true,"href":"http:\/\/desarrollo.grupomedios.com\/futbol\/wp-json\/wp\/v2\/comments?post=329610"}],"version-history":[{"count":0,"href":"http:\/\/desarrollo.grupomedios.com\/futbol\/wp-json\/wp\/v2\/posts\/329610\/revisions"}],"wp:featuredmedia":[{"embeddable":true,"href":"http:\/\/desarrollo.grupomedios.com\/futbol\/wp-json\/wp\/v2\/media\/328420"}],"wp:attachment":[{"href":"http:\/\/desarrollo.grupomedios.com\/futbol\/wp-json\/wp\/v2\/media?parent=329610"}],"wp:term":[{"taxonomy":"category","embeddable":true,"href":"http:\/\/desarrollo.grupomedios.com\/futbol\/wp-json\/wp\/v2\/categories?post=329610"},{"taxonomy":"post_tag","embeddable":true,"href":"http:\/\/desarrollo.grupomedios.com\/futbol\/wp-json\/wp\/v2\/tags?post=329610"}],"curies":[{"name":"wp","href":"https:\/\/api.w.org\/{rel}","templated":true}]}}