{"id":329626,"date":"2015-10-31T12:10:11","date_gmt":"2015-10-31T17:10:11","guid":{"rendered":"http:\/\/futboltotal.com.mx\/?p=329626"},"modified":"2015-11-01T17:38:13","modified_gmt":"2015-11-01T22:38:13","slug":"el-mensaje-de-klopp-para-jose-mourinho","status":"publish","type":"post","link":"http:\/\/desarrollo.grupomedios.com\/futbol\/futbol-internacional\/el-mensaje-de-klopp-para-jose-mourinho\/2015\/10","title":{"rendered":"El mensaje de Klopp para Jos\u00e9 Mourinho"},"content":{"rendered":"<p>J\u00fcrgen <strong>Klopp<\/strong> apoy\u00f3 este s\u00e1bado a su colega Jos\u00e9 Mourinho despu\u00e9s de que su equipo <a href=\"http:\/\/futboltotal.com.mx\/2015\/10\/mourinho-al-borde-del-despido-por-derrota-de-chelsea-ante-liverpool\/\">derrotara al Chelsea en Stamford Bridge (1-3)<\/a> y afirm\u00f3 que el portugu\u00e9s &#8220;es uno de los mejores t\u00e9cnicos del mundo&#8221;.<\/p>\n<p>&#8220;Lo siento por \u00e9l. Es un gran entrenador, y creo que nadie duda de que es de los mejores del mundo. Estas cosas pasan; yo tuve una situaci\u00f3n similar en el Dortmund el pasado a\u00f1o. Lo positivo es que nadie en el club dud\u00f3 de m\u00ed en ese momento&#8221;, dijo Klopp en la rueda de prensa posterior al encuentro.<\/p>\n<p>&#8220;No empezamos muy bien, esa es la verdad. Tuvimos nuestros momentos y ellos intentaron presionar, pero pudimos jugar entre l\u00edneas&#8221;, explic\u00f3 el alem\u00e1n, que gracias a tantos de Philippe Coutinho y Christian Benteke sabore\u00f3 su segunda victoria como estratega <em>red<\/em>, primera en la Premier League.<\/p>\n<p style=\"text-align: center;\"><span style=\"color: #3366ff;\"><strong><a style=\"color: #3366ff;\" href=\"http:\/\/futboltotal.com.mx\/estadisticas\/estadisticas-liga-de-inglaterra\/\">LEER M\u00c1S: Consulta las estad\u00edsticas de la Premier League<\/a><\/strong><\/span><\/p>\n<p>&#8220;Merecimos el empate antes del descanso y lo conseguimos. La segunda parte fue m\u00e1s abierta y marcamos en momentos perfectos del partido para nosotros. Trabajamos muy duro, pero es algo que hay que hacer si quieres ganar en el campo del Chelsea&#8221;, sostuvo el antiguo t\u00e9cnico del Borussia Dortmund.<\/p>\n<p>Cuestionado sobre si el Liverpool puede optar a ganar la Premier League, Klopp respondi\u00f3 que ni \u00e9l ni nadie del equipo &#8220;piensa en eso&#8221;.<\/p>\n<p>&#8220;\u00a1Est\u00e1s loco!&#8221;, respondi\u00f3 entre risas el alem\u00e1n a un periodista. &#8220;No quiero sonar malo contigo, pero no pensamos en eso. Es cierto que lo podemos hacer mucho mejor que hoy y que merecimos la victoria. Ahora, vamos a casa&#8221;, concluy\u00f3.<\/p>\n","protected":false},"excerpt":{"rendered":"<p>El estratega alem\u00e1n habl\u00f3 tras conseguir su primera victoria con el Liverpool<\/p>\n","protected":false},"author":20,"featured_media":329627,"comment_status":"closed","ping_status":"closed","sticky":false,"template":"","format":"standard","meta":[],"categories":[3839,3846,5951],"tags":[5981,288,2863,5989,334],"_links":{"self":[{"href":"http:\/\/desarrollo.grupomedios.com\/futbol\/wp-json\/wp\/v2\/posts\/329626"}],"collection":[{"href":"http:\/\/desarrollo.grupomedios.com\/futbol\/wp-json\/wp\/v2\/posts"}],"about":[{"href":"http:\/\/desarrollo.grupomedios.com\/futbol\/wp-json\/wp\/v2\/types\/post"}],"author":[{"embeddable":true,"href":"http:\/\/desarrollo.grupomedios.com\/futbol\/wp-json\/wp\/v2\/users\/20"}],"replies":[{"embeddable":true,"href":"http:\/\/desarrollo.grupomedios.com\/futbol\/wp-json\/wp\/v2\/comments?post=329626"}],"version-history":[{"count":0,"href":"http:\/\/desarrollo.grupomedios.com\/futbol\/wp-json\/wp\/v2\/posts\/329626\/revisions"}],"wp:featuredmedia":[{"embeddable":true,"href":"http:\/\/desarrollo.grupomedios.com\/futbol\/wp-json\/wp\/v2\/media\/329627"}],"wp:attachment":[{"href":"http:\/\/desarrollo.grupomedios.com\/futbol\/wp-json\/wp\/v2\/media?parent=329626"}],"wp:term":[{"taxonomy":"category","embeddable":true,"href":"http:\/\/desarrollo.grupomedios.com\/futbol\/wp-json\/wp\/v2\/categories?post=329626"},{"taxonomy":"post_tag","embeddable":true,"href":"http:\/\/desarrollo.grupomedios.com\/futbol\/wp-json\/wp\/v2\/tags?post=329626"}],"curies":[{"name":"wp","href":"https:\/\/api.w.org\/{rel}","templated":true}]}}