{"id":329667,"date":"2015-10-31T15:00:21","date_gmt":"2015-10-31T20:00:21","guid":{"rendered":"http:\/\/futboltotal.com.mx\/?p=329667"},"modified":"2015-10-31T15:00:21","modified_gmt":"2015-10-31T20:00:21","slug":"esteban-gutierrez-regresa-a-la-formula-1","status":"publish","type":"post","link":"http:\/\/desarrollo.grupomedios.com\/futbol\/no-todo-es-futbol\/esteban-gutierrez-regresa-a-la-formula-1\/2015\/10","title":{"rendered":"Esteban Guti\u00e9rrez regresa a la F\u00f3rmula 1"},"content":{"rendered":"<p>El mexicano <b>Esteban Guti\u00e9rrez<\/b> fue presentado como piloto de la escuder\u00eda <b>Haas F1 Team<\/b> de cara a la temporada 2016 de la <b>F\u00f3rmula 1<\/b>.<\/p>\n<p>Luego de pasar un a\u00f1o como conductor de reserva en Ferrari, el regiomontano regresar\u00e1 a la Gran Carpa, luego de su experiencia en 2014 con la escuder\u00eda Sauber.<\/p>\n<p>&#8220;Me siento muy contento de compartir esta noticia que tom\u00f3 algo de tiempo, me siento agradecido con Gene (Haas) que tiene fe en mi potencial y talento, juntos buscamos lograr cosas grandes, tendremos un gran a\u00f1o&#8221;, indic\u00f3 el piloto <i>azteca<\/i>.<\/p>\n<p style=\"text-align: center;\"><strong><span style=\"color: #3366ff;\"><a style=\"color: #3366ff;\" href=\"http:\/\/futboltotal.com.mx\/2015\/10\/pilotos-de-formula-1-grandes-amantes-del-futbol\/\">LLER M\u00c1S: Pilotos de F\u00f3rmula 1, grandes amantes del futbol<\/a><\/span><\/strong><\/p>\n<p>\u201cTengo mucha hambre de regresar a las pistas fue uno de los a\u00f1os m\u00e1s importantes que he tenido (en Ferrari), ahora tenemos un proyecto con visi\u00f3n a futuro y estoy convencido de que compartiremos grandes \u00e9xitos\u201d, agreg\u00f3 <b>Esteban Guti\u00e9rrez<\/b>.<\/p>\n<p><i>Guti<\/i>, quien tendr\u00e1 como coequipero al franc\u00e9s Romain Grosjean, est\u00e1 ilusionado por un coche nuevo con motor Ferrari y con sue\u00f1o de ser un asiduo piloto de zona de puntos.<\/p>\n<p style=\"text-align: center;\"><span style=\"color: #3366ff;\"><strong><a style=\"color: #3366ff;\" href=\"http:\/\/futboltotal.com.mx\/2015\/10\/vuelve-la-formula-1-a-mexico\/\">LLER M\u00c1S: \u00a1Vuelve la F\u00f3rmula 1 a M\u00e9xico!<\/a><\/strong><\/span><\/p>\n<p>&#8220;Nuestras expectativas es tener un auto nuevo que podamos competir dentro de los puntos, es lo que realmente estamos buscando, me gustan los retos tenemos que trabajar duro y de manera progresiva ir creciendo y escalando para mejores resultados&#8221;, se\u00f1al\u00f3 <b>Esteban Guti\u00e9rrez<\/b>.<\/p>\n","protected":false},"excerpt":{"rendered":"<p>El mexicano fue presentado como piloto de la escuder\u00eda Haas<\/p>\n","protected":false},"author":20,"featured_media":329668,"comment_status":"closed","ping_status":"closed","sticky":false,"template":"","format":"standard","meta":[],"categories":[5810,5418],"tags":[6307,6412,5493],"_links":{"self":[{"href":"http:\/\/desarrollo.grupomedios.com\/futbol\/wp-json\/wp\/v2\/posts\/329667"}],"collection":[{"href":"http:\/\/desarrollo.grupomedios.com\/futbol\/wp-json\/wp\/v2\/posts"}],"about":[{"href":"http:\/\/desarrollo.grupomedios.com\/futbol\/wp-json\/wp\/v2\/types\/post"}],"author":[{"embeddable":true,"href":"http:\/\/desarrollo.grupomedios.com\/futbol\/wp-json\/wp\/v2\/users\/20"}],"replies":[{"embeddable":true,"href":"http:\/\/desarrollo.grupomedios.com\/futbol\/wp-json\/wp\/v2\/comments?post=329667"}],"version-history":[{"count":0,"href":"http:\/\/desarrollo.grupomedios.com\/futbol\/wp-json\/wp\/v2\/posts\/329667\/revisions"}],"wp:featuredmedia":[{"embeddable":true,"href":"http:\/\/desarrollo.grupomedios.com\/futbol\/wp-json\/wp\/v2\/media\/329668"}],"wp:attachment":[{"href":"http:\/\/desarrollo.grupomedios.com\/futbol\/wp-json\/wp\/v2\/media?parent=329667"}],"wp:term":[{"taxonomy":"category","embeddable":true,"href":"http:\/\/desarrollo.grupomedios.com\/futbol\/wp-json\/wp\/v2\/categories?post=329667"},{"taxonomy":"post_tag","embeddable":true,"href":"http:\/\/desarrollo.grupomedios.com\/futbol\/wp-json\/wp\/v2\/tags?post=329667"}],"curies":[{"name":"wp","href":"https:\/\/api.w.org\/{rel}","templated":true}]}}