{"id":329690,"date":"2015-10-31T16:25:54","date_gmt":"2015-10-31T21:25:54","guid":{"rendered":"http:\/\/futboltotal.com.mx\/?p=329690"},"modified":"2015-10-31T16:26:34","modified_gmt":"2015-10-31T21:26:34","slug":"jonathan-dos-santos-brilla-en-el-triunfo-del-villarreal","status":"publish","type":"post","link":"http:\/\/desarrollo.grupomedios.com\/futbol\/futbol-internacional\/jonathan-dos-santos-brilla-en-el-triunfo-del-villarreal\/2015\/10","title":{"rendered":"Jonathan dos Santos brilla en el triunfo del Villarreal"},"content":{"rendered":"<p>Poco a poco <strong>Jonathan dos Santos<\/strong> recupera su mejor versi\u00f3n. Este s\u00e1bado el mexicano demostr\u00f3 su calidad y se mostr\u00f3 muy participativo, liderando al Villarreal con m\u00e1s toques en la zona de ataque en una victoria ante el siempre ciomplicado Sevilla (2-1).<\/p>\n<p>Fue un partido sufrido y accidentado en el que el conjunto local fue mejor que el visitante, sin embargo, los andaluces contaron con la oportunidad de amargar la noche hasta la \u00faltima jugada del encuentro, ya que tras el 2-0 acort\u00f3 diferencia y meti\u00f3 el miedo a los locales.<\/p>\n<p>Con bastante calma en el partido, fue hasta el minuto 25 que se inaugur\u00f3 el tanteador. En jugada a bal\u00f3n parado el Villarreal se fue al frente con gol de Mario que caz\u00f3 una pelota en el \u00e1rea tras varios rechaces y no perdon\u00f3 a Rico. El gol tranquiliz\u00f3 a los locales y aceler\u00f3 al Sevilla, que segu\u00eda buscando a Iborra con balones al \u00e1rea pero que no llegaba a hacer da\u00f1o. As\u00ed acab\u00f3 la primera parte, en unos minutos que el Villarreal no supo salir a la contra, y en el que el Sevilla no sab\u00eda como hacer peligro.<\/p>\n<p style=\"text-align: center;\"><span style=\"color: #3366ff;\"><strong><a style=\"color: #3366ff;\" href=\"http:\/\/futboltotal.com.mx\/estadisticas\/estadisticas-liga-de-espana\/\">LEER M\u00c1S: As\u00ed marcha la tabla general de la Liga de Espa\u00f1a.<\/a><\/strong><\/span><\/p>\n<p>Los segundos 45 minutos tuvieron de todo, aunque el partido segu\u00eda sin ritmo. El Villarreal dejaba que su rival dominara para tratar de sorprenderle con salidas r\u00e1pidas al contragolpe. Al cuarto de hora una buena contra de Mario, habilitaba a Denis Su\u00e1rez, que le regalaba el gol a Bakambu con un gran pase atr\u00e1s.<\/p>\n<p>El Sevilla segu\u00eda muy lejos de crear problemas, por lo que Emery meti\u00f3 en el campo todo lo que le quedaba y apostaba por Llorente como referencia. Justo en su primer remate lleg\u00f3 el gol que reabr\u00eda el partido y pon\u00eda emoci\u00f3n a un choque que parec\u00eda sentenciado. Konoplyanka realiz\u00f3 una gran jugada por la banda y puso un bal\u00f3n inmejorable a la cabeza del delantero.<\/p>\n<p>El Sevilla se qued\u00f3 con diez por la lesi\u00f3n de Gameiro, pero pese a ello domin\u00f3 a un Villarreal muy cansado e inquiet\u00f3 al grader\u00edo de El Madrigal y aunque dispuso de una clara ocasi\u00f3n al final, el marcador no vari\u00f3. Por el <em>Submarino Amarillo<\/em>, <strong>Jonathan dos Santos<\/strong> disput\u00f3 los 90 minutos y se encuentra a la expectativa de un nuevo llamado con la Selecci\u00f3n Mexicana.<\/p>\n<p><iframe loading=\"lazy\" src=\"https:\/\/www.youtube.com\/embed\/Bhh8rQ8vYTI\" frameborder=\"0\" allowfullscreen=\"allowfullscreen\"><\/iframe><\/p>\n","protected":false},"excerpt":{"rendered":"<p>El mexicano distribuy\u00f3, recuper\u00f3 y manej\u00f3 los hilos del Submarino Amarillo<\/p>\n","protected":false},"author":20,"featured_media":329693,"comment_status":"closed","ping_status":"closed","sticky":false,"template":"","format":"standard","meta":[],"categories":[3839,3844,5951],"tags":[48,49,2607],"_links":{"self":[{"href":"http:\/\/desarrollo.grupomedios.com\/futbol\/wp-json\/wp\/v2\/posts\/329690"}],"collection":[{"href":"http:\/\/desarrollo.grupomedios.com\/futbol\/wp-json\/wp\/v2\/posts"}],"about":[{"href":"http:\/\/desarrollo.grupomedios.com\/futbol\/wp-json\/wp\/v2\/types\/post"}],"author":[{"embeddable":true,"href":"http:\/\/desarrollo.grupomedios.com\/futbol\/wp-json\/wp\/v2\/users\/20"}],"replies":[{"embeddable":true,"href":"http:\/\/desarrollo.grupomedios.com\/futbol\/wp-json\/wp\/v2\/comments?post=329690"}],"version-history":[{"count":0,"href":"http:\/\/desarrollo.grupomedios.com\/futbol\/wp-json\/wp\/v2\/posts\/329690\/revisions"}],"wp:featuredmedia":[{"embeddable":true,"href":"http:\/\/desarrollo.grupomedios.com\/futbol\/wp-json\/wp\/v2\/media\/329693"}],"wp:attachment":[{"href":"http:\/\/desarrollo.grupomedios.com\/futbol\/wp-json\/wp\/v2\/media?parent=329690"}],"wp:term":[{"taxonomy":"category","embeddable":true,"href":"http:\/\/desarrollo.grupomedios.com\/futbol\/wp-json\/wp\/v2\/categories?post=329690"},{"taxonomy":"post_tag","embeddable":true,"href":"http:\/\/desarrollo.grupomedios.com\/futbol\/wp-json\/wp\/v2\/tags?post=329690"}],"curies":[{"name":"wp","href":"https:\/\/api.w.org\/{rel}","templated":true}]}}