{"id":329731,"date":"2015-10-31T18:37:18","date_gmt":"2015-10-31T23:37:18","guid":{"rendered":"http:\/\/futboltotal.com.mx\/?p=329731"},"modified":"2015-10-31T20:15:03","modified_gmt":"2015-11-01T01:15:03","slug":"jesus-corona-se-lesiona-en-juego-contra-veracruz","status":"publish","type":"post","link":"http:\/\/desarrollo.grupomedios.com\/futbol\/videos\/jesus-corona-se-lesiona-en-juego-contra-veracruz\/2015\/10","title":{"rendered":"Jes\u00fas Corona se lesiona en juego contra Veracruz"},"content":{"rendered":"<p>En el arranque del juego entre <a href=\"http:\/\/www.futboltotal.com.mx\/equipos\/cruz-azul\/\" target=\"_blank\"><strong>Cruz Azul<\/strong><\/a> y <a href=\"http:\/\/www.futboltotal.com.mx\/equipos\/veracruz\/\" target=\"_blank\"><strong>Veracruz<\/strong><\/a> en el estadio Azul, <strong>Jes\u00fas Corona<\/strong> choc\u00f3 con Edgar Andrade en un lance donde el cancerbero intentaba rechazar el bal\u00f3n de su \u00e1rea. El contacto se dio apenas al minuto 8 del encuentro, cuando <em>celestes<\/em> y <em>escualos<\/em> se encontraban empatados 0-0.<\/p>\n<p>El choque entre <strong>Jes\u00fas Corona<\/strong> y Edgar Andrade no parec\u00eda fuerte; sin embargo, el cancerbero qued\u00f3 tendido en el suelo tras el encontronazo, por lo que el \u00e1rbitro permiti\u00f3 que ingresara la asistencia m\u00e9dica para revisarlo.<\/p>\n<p style=\"text-align: center;\"><span style=\"color: #3366ff;\"><strong><a style=\"color: #3366ff;\" href=\"http:\/\/futboltotal.com.mx\/2015\/10\/en-vivo-cruz-azul-vs-veracruz-liga-mx\/\" target=\"_blank\">LEER M\u00c1S: Cruz Azul y Veracruz, en busca de la liguilla<\/a><\/strong><\/span><\/p>\n<p><strong>Jes\u00fas Corona<\/strong> no pudo continuar en el campo, pues su hombro izquierdo se inflam\u00f3 por el contacto con el volante del <strong>Veracruz<\/strong>, y fue sustitu\u00eddo por Guillermo Allison al minuto 12. Se espera el reporte sobre la gravedad de la lesi\u00f3n del guardameta, quien no ha tenido una buena campa\u00f1a con la <em>M\u00e1quina; <\/em>moment\u00e1neamente, descartan fractura.<\/p>\n<blockquote class=\"twitter-tweet\" lang=\"es\">\n<p dir=\"ltr\" lang=\"es\">Por este choque, Jes\u00fas Corona saldr\u00e1 de cambio por lesi\u00f3n: <a href=\"https:\/\/t.co\/jZa2Vdh5ef\">https:\/\/t.co\/jZa2Vdh5ef<\/a> <a href=\"https:\/\/t.co\/zdniN7gdHd\">https:\/\/t.co\/zdniN7gdHd<\/a><\/p>\n<p>\u2014 futboltotal (@futboltotal) <a href=\"https:\/\/twitter.com\/futboltotal\/status\/660595267482206208\">octubre 31, 2015<\/a><\/p><\/blockquote>\n<p><script src=\"\/\/platform.twitter.com\/widgets.js\" async=\"\" charset=\"utf-8\"><\/script><\/p>\n<blockquote class=\"twitter-tweet\" lang=\"es\"><p>Se lesiona Corona <a href=\"https:\/\/t.co\/rFlCppTfkZ\">https:\/\/t.co\/rFlCppTfkZ<\/a> \u2014 Aldo Clark (@aldocorp) <a href=\"https:\/\/twitter.com\/aldocorp\/status\/660596097782579200\">octubre 31, 2015<\/a><\/p><\/blockquote>\n<p><script src=\"\/\/platform.twitter.com\/widgets.js\" async=\"\" charset=\"utf-8\"><\/script><\/p>\n","protected":false},"excerpt":{"rendered":"<p>Tuvo que ser sustitu\u00eddo en el inicio del encuentro<\/p>\n","protected":false},"author":20,"featured_media":329745,"comment_status":"closed","ping_status":"closed","sticky":false,"template":"","format":"standard","meta":[],"categories":[2198,3845,4],"tags":[5962,5443,6049],"_links":{"self":[{"href":"http:\/\/desarrollo.grupomedios.com\/futbol\/wp-json\/wp\/v2\/posts\/329731"}],"collection":[{"href":"http:\/\/desarrollo.grupomedios.com\/futbol\/wp-json\/wp\/v2\/posts"}],"about":[{"href":"http:\/\/desarrollo.grupomedios.com\/futbol\/wp-json\/wp\/v2\/types\/post"}],"author":[{"embeddable":true,"href":"http:\/\/desarrollo.grupomedios.com\/futbol\/wp-json\/wp\/v2\/users\/20"}],"replies":[{"embeddable":true,"href":"http:\/\/desarrollo.grupomedios.com\/futbol\/wp-json\/wp\/v2\/comments?post=329731"}],"version-history":[{"count":0,"href":"http:\/\/desarrollo.grupomedios.com\/futbol\/wp-json\/wp\/v2\/posts\/329731\/revisions"}],"wp:featuredmedia":[{"embeddable":true,"href":"http:\/\/desarrollo.grupomedios.com\/futbol\/wp-json\/wp\/v2\/media\/329745"}],"wp:attachment":[{"href":"http:\/\/desarrollo.grupomedios.com\/futbol\/wp-json\/wp\/v2\/media?parent=329731"}],"wp:term":[{"taxonomy":"category","embeddable":true,"href":"http:\/\/desarrollo.grupomedios.com\/futbol\/wp-json\/wp\/v2\/categories?post=329731"},{"taxonomy":"post_tag","embeddable":true,"href":"http:\/\/desarrollo.grupomedios.com\/futbol\/wp-json\/wp\/v2\/tags?post=329731"}],"curies":[{"name":"wp","href":"https:\/\/api.w.org\/{rel}","templated":true}]}}