{"id":329751,"date":"2015-10-31T18:55:30","date_gmt":"2015-10-31T23:55:30","guid":{"rendered":"http:\/\/futboltotal.com.mx\/?p=329751"},"modified":"2015-10-31T18:55:30","modified_gmt":"2015-10-31T23:55:30","slug":"autodromo-hermanos-rodriguez-el-circuito-mas-rapido-de-f1","status":"publish","type":"post","link":"http:\/\/desarrollo.grupomedios.com\/futbol\/no-todo-es-futbol\/autodromo-hermanos-rodriguez-el-circuito-mas-rapido-de-f1\/2015\/10","title":{"rendered":"Aut\u00f3dromo Hermanos Rodr\u00edguez, el circuito m\u00e1s r\u00e1pido de F1"},"content":{"rendered":"<p>El brasile\u00f1o <b>Felipe Massa<\/b>, piloto de la escuder\u00eda Williams, registr\u00f3 la velocidad m\u00e1s alta en la <b>F\u00f3rmula 1<\/b> en el <b>Aut\u00f3dromo Hermanos Rodr\u00edguez<\/b>, donde se corre el <b>Gran Premio de M\u00e9xico<\/b>. Y as\u00ed, el trazado de la Magdalena Mixhuca se convirti\u00f3 en el circuito m\u00e1s r\u00e1pido de la <i>Gran Carpa<\/i>.<\/p>\n<p><b>Massa<\/b>\u00a0alcanz\u00f3 este s\u00e1bado los 364 kil\u00f3metros por hora, por lo que el brasile\u00f1o desplaz\u00f3 al circuito de Monza, en Italia, como el m\u00e1s r\u00e1pido del serial y su lugar lo ocupa entonces el <b>Aut\u00f3dromo Hermanos Rodr\u00edguez<\/b>.<\/p>\n<p style=\"text-align: center;\"><span style=\"color: #3366ff;\"><strong><a style=\"color: #3366ff;\" href=\"http:\/\/futboltotal.com.mx\/2015\/10\/checo-perez-saldra-noveno-en-el-gp-mexico\/\">LEER M\u00c1S: Checo P\u00e9rez saldr\u00e1 noveno en el GP M\u00e9xico<\/a><\/strong><\/span><\/p>\n<p>El viernes, el ingles Lewis Hamilton, piloto de la escuder\u00eda Mercedes, alcanz\u00f3 362.3 km\/h, seguido de su coequipero, el alem\u00e1n Nico Rosberg, con 361 km\/h. Pero en la calificaci\u00f3n de este s\u00e1bado, <b>Felipe Massa<\/b> dej\u00f3 muy debajo la marca de Kimi Raikkonen\u00a0en el circuito de Monza, donde registr\u00f3 358.3 km\/h.<\/p>\n<p>En la recta principal del <b>Aut\u00f3dromo Hermanos Rodr\u00edguez<\/b>, que cuenta con mil 302\u00a0metros de longitud, se ten\u00eda previsto que los monoplazas alcanzaran cerca de 328 kil\u00f3metros por hora, lo cual qued\u00f3 muy por detr\u00e1s ante la marcar de <b>Massa<\/b>.<\/p>\n<p><a href=\"http:\/\/futboltotal.com.mx\/wp-content\/uploads\/2015\/10\/autodromo_hermanos_rodriguez1.jpg\"><img decoding=\"async\" loading=\"lazy\" class=\"aligncenter size-full wp-image-329754\" src=\"http:\/\/futboltotal.com.mx\/wp-content\/uploads\/2015\/10\/autodromo_hermanos_rodriguez1.jpg\" alt=\"autodromo_hermanos_rodriguez\" srcset=\"http:\/\/desarrollo.grupomedios.com\/futbol\/wp-content\/uploads\/2015\/10\/autodromo_hermanos_rodriguez1.jpg 800w, http:\/\/desarrollo.grupomedios.com\/futbol\/wp-content\/uploads\/2015\/10\/autodromo_hermanos_rodriguez1-300x230.jpg 300w\" sizes=\"(max-width: 800px) 100vw, 800px\" \/><\/a><\/p>\n<p>Tras 23 a\u00f1os de ausencia, la <strong>F\u00f3rmula 1<\/strong> vuelve a <strong>M\u00e9xico<\/strong>. Y este domingo\u00a01 de noviembre,\u00a0el <strong>Aut\u00f3dromo Hermanos Rodr\u00edguez<\/strong> ser\u00e1 el escenario del <strong>Gran Premio de M\u00e9xico<\/strong>, que tiene asegurada su celebraci\u00f3n hasta 2019.<\/p>\n","protected":false},"excerpt":{"rendered":"<p>Felipe Massa registr\u00f3 la velocidad m\u00e1s alta en la Gran Carpa<\/p>\n","protected":false},"author":20,"featured_media":329757,"comment_status":"closed","ping_status":"closed","sticky":false,"template":"","format":"standard","meta":[],"categories":[5810,5418],"tags":[6412,5493],"_links":{"self":[{"href":"http:\/\/desarrollo.grupomedios.com\/futbol\/wp-json\/wp\/v2\/posts\/329751"}],"collection":[{"href":"http:\/\/desarrollo.grupomedios.com\/futbol\/wp-json\/wp\/v2\/posts"}],"about":[{"href":"http:\/\/desarrollo.grupomedios.com\/futbol\/wp-json\/wp\/v2\/types\/post"}],"author":[{"embeddable":true,"href":"http:\/\/desarrollo.grupomedios.com\/futbol\/wp-json\/wp\/v2\/users\/20"}],"replies":[{"embeddable":true,"href":"http:\/\/desarrollo.grupomedios.com\/futbol\/wp-json\/wp\/v2\/comments?post=329751"}],"version-history":[{"count":0,"href":"http:\/\/desarrollo.grupomedios.com\/futbol\/wp-json\/wp\/v2\/posts\/329751\/revisions"}],"wp:featuredmedia":[{"embeddable":true,"href":"http:\/\/desarrollo.grupomedios.com\/futbol\/wp-json\/wp\/v2\/media\/329757"}],"wp:attachment":[{"href":"http:\/\/desarrollo.grupomedios.com\/futbol\/wp-json\/wp\/v2\/media?parent=329751"}],"wp:term":[{"taxonomy":"category","embeddable":true,"href":"http:\/\/desarrollo.grupomedios.com\/futbol\/wp-json\/wp\/v2\/categories?post=329751"},{"taxonomy":"post_tag","embeddable":true,"href":"http:\/\/desarrollo.grupomedios.com\/futbol\/wp-json\/wp\/v2\/tags?post=329751"}],"curies":[{"name":"wp","href":"https:\/\/api.w.org\/{rel}","templated":true}]}}