{"id":329995,"date":"2015-11-01T00:17:19","date_gmt":"2015-11-01T05:17:19","guid":{"rendered":"http:\/\/futboltotal.com.mx\/?p=329995"},"modified":"2015-11-01T11:47:00","modified_gmt":"2015-11-01T16:47:00","slug":"malaga-escucharia-oferta-de-veracruz-por-memo-ochoa","status":"publish","type":"post","link":"http:\/\/desarrollo.grupomedios.com\/futbol\/destacado-home\/malaga-escucharia-oferta-de-veracruz-por-memo-ochoa\/2015\/11","title":{"rendered":"M\u00e1laga escuchar\u00eda oferta de Veracruz por Memo Ochoa"},"content":{"rendered":"<p>El director general de M\u00e1laga, Vicente Casado, opin\u00f3 sobre la situaci\u00f3n de <strong>Memo Ochoa<\/strong> con el club, resaltando la paciencia del futbolista <em>aztec<\/em>a pese a su dif\u00edcil situaci\u00f3n por la escasez de minutos en la entidad.<\/p>\n<p>&#8220;Est\u00e1 siendo paciente, pero para m\u00ed tenemos dos porteros estelares: Kameni y &#8216;Memo&#8217;, que son espectaculares&#8221;, resalt\u00f3.<\/p>\n<p>El mandam\u00e1s de los <em>Boquerones<\/em> tambi\u00e9n habl\u00f3 sobre la supuesta propuesta de Veracruz, indicando que no hay oferta sobre la mesa y de llegar, no cerrar\u00edan las puertas y estar\u00edan dispuestos a dar la mejor soluci\u00f3n para ambas partes (M\u00e1laga y <strong>Memo Ochoa<\/strong>).<\/p>\n<p style=\"text-align: center;\"><strong><span style=\"color: #3366ff;\"><a style=\"color: #3366ff;\" href=\"http:\/\/futboltotal.com.mx\/2015\/10\/en-veracruz-se-rien-por-posible-llegada-de-memo-ochoa\/\">LEER M\u00c1S: En Vercuz se r\u00eden por posible llegada de Memo Ochoa<\/a>.<\/span><\/strong><\/p>\n<p>&#8220;De momento el club no tiene ninguna noticia todav\u00eda de nada, no ha llegado al club ninguna situaci\u00f3n de Guillermo Ochoa. Me imagino que se pondr\u00e1n en contacto este fin de semana, despu\u00e9s del partido en El Molin\u00f3n (frente a Sporting de Gij\u00f3n)&#8221;, anunci\u00f3 a <em>ESPN<\/em>.<\/p>\n<p>Y abund\u00f3:\u00a0&#8220;la verdad, tenemos muy buena relaci\u00f3n con la directiva de Veracruz, pero no ha llegado nada ni estamos a la espera, por eso no podemos decir nada de momento y el club no ha declarado gran cosa de momento, como no conoce nada, no podemos decir nada&#8221;.<\/p>\n<p style=\"text-align: center;\"><span style=\"color: #3366ff;\"><strong><a style=\"color: #3366ff;\" href=\"http:\/\/futboltotal.com.mx\/2015\/10\/guillermo-ochoa-de-regreso-a-la-liga-mx\/\">LEER M\u00c1S: Guillermo Ochoa, \u00bfde regreso a la Liga MX?<\/a><\/strong><\/span><\/p>\n<p>Vicente Casado mencion\u00f3 que el momento para que <strong>Memo Ochoa<\/strong> tenga minutos est\u00e1 cerca, reiterando que la Copa del Rey es su gran oportunidad y est\u00e1 seguro que rendir\u00e1 a las mil maravillas.<\/p>\n<p>&#8220;Nosotros estamos encantados con \u00e9l, ahora va a llegar la Copa y estamos convencidos de que &#8216;Memo&#8217; va a jugar, nosotros estamos a la espera, no sabemos. Si llega, nos lo pensaremos. De momento no tenemos ning\u00fan prejuicio sobre algo positivo, o no&#8221;, apunt\u00f3\u00a0Vicente Casado,\u00a0 director general de M\u00e1laga. Para finalizar reiter\u00f3 que\u00a0Javi Gracia es el \u00fanico responsable de decidir qui\u00e9n juega y qui\u00e9n no en su escuadra: &#8220;Como digo yo, yo soy el m\u00e1ximo dirigente, pero no me meto en el vestuario&#8221;.<\/p>\n<p>&nbsp;<\/p>\n","protected":false},"excerpt":{"rendered":"<p>El director general de la entidad revel\u00f3 la raz\u00f3n por la que el mexicano no juega<\/p>\n","protected":false},"author":20,"featured_media":329996,"comment_status":"closed","ping_status":"closed","sticky":false,"template":"","format":"standard","meta":[],"categories":[5,3839,3844,3845],"tags":[5991,6424,306,679,6049],"_links":{"self":[{"href":"http:\/\/desarrollo.grupomedios.com\/futbol\/wp-json\/wp\/v2\/posts\/329995"}],"collection":[{"href":"http:\/\/desarrollo.grupomedios.com\/futbol\/wp-json\/wp\/v2\/posts"}],"about":[{"href":"http:\/\/desarrollo.grupomedios.com\/futbol\/wp-json\/wp\/v2\/types\/post"}],"author":[{"embeddable":true,"href":"http:\/\/desarrollo.grupomedios.com\/futbol\/wp-json\/wp\/v2\/users\/20"}],"replies":[{"embeddable":true,"href":"http:\/\/desarrollo.grupomedios.com\/futbol\/wp-json\/wp\/v2\/comments?post=329995"}],"version-history":[{"count":0,"href":"http:\/\/desarrollo.grupomedios.com\/futbol\/wp-json\/wp\/v2\/posts\/329995\/revisions"}],"wp:featuredmedia":[{"embeddable":true,"href":"http:\/\/desarrollo.grupomedios.com\/futbol\/wp-json\/wp\/v2\/media\/329996"}],"wp:attachment":[{"href":"http:\/\/desarrollo.grupomedios.com\/futbol\/wp-json\/wp\/v2\/media?parent=329995"}],"wp:term":[{"taxonomy":"category","embeddable":true,"href":"http:\/\/desarrollo.grupomedios.com\/futbol\/wp-json\/wp\/v2\/categories?post=329995"},{"taxonomy":"post_tag","embeddable":true,"href":"http:\/\/desarrollo.grupomedios.com\/futbol\/wp-json\/wp\/v2\/tags?post=329995"}],"curies":[{"name":"wp","href":"https:\/\/api.w.org\/{rel}","templated":true}]}}