{"id":330365,"date":"2015-11-01T22:38:13","date_gmt":"2015-11-02T03:38:13","guid":{"rendered":"http:\/\/futboltotal.com.mx\/?p=330365"},"modified":"2015-11-02T01:45:54","modified_gmt":"2015-11-02T06:45:54","slug":"el-11-ideal-de-la-jornada-15-de-la-liga-mx-2","status":"publish","type":"post","link":"http:\/\/desarrollo.grupomedios.com\/futbol\/destacado-home\/el-11-ideal-de-la-jornada-15-de-la-liga-mx-2\/2015\/11","title":{"rendered":"El 11 ideal de la Jornada 15 de la Liga MX"},"content":{"rendered":"<p>La <strong>jornada 15<\/strong> del Apertura 2015 concluy\u00f3, y en ella ya se dio a conocer el primer calificado a la <a href=\"http:\/\/futboltotal.com.mx\/2015\/11\/liga-mx-liguilla-al-momento\/\" target=\"_blank\">liguilla<\/a> del torneo: Pumas, quien es perseguido por Le\u00f3n y Am\u00e9rica, clubes que tienen un pie en la <em>fiesta grande<\/em>. Y dentro de los duelos del fin de semana de la <strong><a href=\"http:\/\/www.futboltotal.com.mx\/futbol-mexicano\/\" target=\"_blank\">Liga MX<\/a><\/strong>, estos once hombres deslumbraron a la afici\u00f3n, y permitieron que sus equipos sumaran puntos.<\/p>\n<p><a href=\"http:\/\/futboltotal.com.mx\/wp-content\/uploads\/2015\/11\/ONCE_IDEAL_LIGA_MX-JORNADA-15.jpg\"><img decoding=\"async\" loading=\"lazy\" class=\"aligncenter wp-image-330371 size-full\" src=\"http:\/\/futboltotal.com.mx\/wp-content\/uploads\/2015\/11\/ONCE_IDEAL_LIGA_MX-JORNADA-15.jpg\" alt=\"ONCE_IDEAL_LIGA_MX-JORNADA-15\" srcset=\"http:\/\/desarrollo.grupomedios.com\/futbol\/wp-content\/uploads\/2015\/11\/ONCE_IDEAL_LIGA_MX-JORNADA-15.jpg 820w, http:\/\/desarrollo.grupomedios.com\/futbol\/wp-content\/uploads\/2015\/11\/ONCE_IDEAL_LIGA_MX-JORNADA-15-237x300.jpg 237w, http:\/\/desarrollo.grupomedios.com\/futbol\/wp-content\/uploads\/2015\/11\/ONCE_IDEAL_LIGA_MX-JORNADA-15-811x1024.jpg 811w\" sizes=\"(max-width: 820px) 100vw, 820px\" \/><\/a><\/p>\n<p><em>Portero<\/em><\/p>\n<p><strong>Hugo Gonz\u00e1lez | Am\u00e9rica<\/strong> | En esta fecha hubo una gran actuaci\u00f3n de los cancerberos de la Liga MX, pero el joven <em>azulcrema<\/em> ataj\u00f3 un penal que pudo haber significado el empate del Toluca en la <em>Bombonera<\/em>.<\/p>\n<p><em>Defensas<\/em><\/p>\n<p><strong>Luis Venegas | Chiapas<\/strong> | El gol del zaguero de Jaguares, permite al equipo gozar de un lugar en la liguilla, moment\u00e1neamente, adem\u00e1s de mantener la imbatibilidad del equipo en el estadio Zoque.<\/p>\n<p><strong>Johnny Magall\u00f3n | Le\u00f3n<\/strong> | Su labor junto con la de Diego Novaretti fue ardua, pues arriesgaron el f\u00edsico con tal de que Atlas no empatara en el Nou Camp.<\/p>\n<p><strong>Ignacio Gonz\u00e1lez | Morelia<\/strong> | El zaguero de <em>Monarcas<\/em> tuvo una noche redonda ante Dorados, pues colabor\u00f3 con una anotaci\u00f3n en la goleada sobre el<em> Gran Pez<\/em>.<\/p>\n<p><strong>Paul Aguilar | Am\u00e9rica<\/strong> | Los tres puntos que sacaron las <em>\u00c1guilas<\/em> en el Nemesio Diez, se los deben al lateral, que hizo lo que quiso frente al Toluca y puso el medio gol que sentenci\u00f3 el partido.<\/p>\n<p><em>Medios<\/em><\/p>\n<p><strong>Rubens Sambueza | Am\u00e9rica<\/strong> | El trabajo en medio campo de Rubens fue impecable pues puso balones al frente que fueron determinantes para que las <em>\u00c1guilas<\/em> anotaran.<\/p>\n<p><strong>Jefferson Cuero | Morelia<\/strong> | Comand\u00f3 la goleada de <em>Monarcas<\/em> sobre Dorados, con su doblete.<\/p>\n<p><strong>Ismael Sosa | Pumas<\/strong> | Los universitarios le deben el pase a la liguilla a Ismael, que hizo el tanto de la victoria en Tijuana.<\/p>\n<p><em>Delanteros<\/em><\/p>\n<p><strong>\u00c1ngel Zald\u00edvar | Chivas<\/strong> | El joven atacante del <em>Reba\u00f1o<\/em> respondi\u00f3 a la confianza de Almeyda, pues marc\u00f3 dos de los cuatro tantos <em>rojiblancos<\/em> en el juego ante <em>Tuzos.<\/em><\/p>\n<p><strong>Edgar Ben\u00edtez | Quer\u00e9taro<\/strong> | El <em>P\u00e1jaro<\/em> hizo dos goles determinantes para que Quer\u00e9taro est\u00e9 en la orilla de la zona de calificaci\u00f3n.<\/p>\n<p><strong>Franco Jara | Pachuca<\/strong> | Ha sido una gran contrataci\u00f3n para los <em>Tuzos,<\/em> pues ya lleg\u00f3 a seis dianas con el conjunto hidalguense.<\/p>\n","protected":false},"excerpt":{"rendered":"<p>Estos once futbolistas, deslumbraron en la fecha 15<\/p>\n","protected":false},"author":20,"featured_media":296911,"comment_status":"closed","ping_status":"closed","sticky":false,"template":"","format":"standard","meta":[],"categories":[5,2198,3845],"tags":[5623,64],"_links":{"self":[{"href":"http:\/\/desarrollo.grupomedios.com\/futbol\/wp-json\/wp\/v2\/posts\/330365"}],"collection":[{"href":"http:\/\/desarrollo.grupomedios.com\/futbol\/wp-json\/wp\/v2\/posts"}],"about":[{"href":"http:\/\/desarrollo.grupomedios.com\/futbol\/wp-json\/wp\/v2\/types\/post"}],"author":[{"embeddable":true,"href":"http:\/\/desarrollo.grupomedios.com\/futbol\/wp-json\/wp\/v2\/users\/20"}],"replies":[{"embeddable":true,"href":"http:\/\/desarrollo.grupomedios.com\/futbol\/wp-json\/wp\/v2\/comments?post=330365"}],"version-history":[{"count":0,"href":"http:\/\/desarrollo.grupomedios.com\/futbol\/wp-json\/wp\/v2\/posts\/330365\/revisions"}],"wp:featuredmedia":[{"embeddable":true,"href":"http:\/\/desarrollo.grupomedios.com\/futbol\/wp-json\/wp\/v2\/media\/296911"}],"wp:attachment":[{"href":"http:\/\/desarrollo.grupomedios.com\/futbol\/wp-json\/wp\/v2\/media?parent=330365"}],"wp:term":[{"taxonomy":"category","embeddable":true,"href":"http:\/\/desarrollo.grupomedios.com\/futbol\/wp-json\/wp\/v2\/categories?post=330365"},{"taxonomy":"post_tag","embeddable":true,"href":"http:\/\/desarrollo.grupomedios.com\/futbol\/wp-json\/wp\/v2\/tags?post=330365"}],"curies":[{"name":"wp","href":"https:\/\/api.w.org\/{rel}","templated":true}]}}