{"id":330450,"date":"2015-11-02T21:29:47","date_gmt":"2015-11-03T02:29:47","guid":{"rendered":"http:\/\/futboltotal.com.mx\/?p=330450"},"modified":"2015-11-02T21:52:55","modified_gmt":"2015-11-03T02:52:55","slug":"gustavo-matosas-fuera-del-atlas","status":"publish","type":"post","link":"http:\/\/desarrollo.grupomedios.com\/futbol\/destacado-home\/gustavo-matosas-fuera-del-atlas\/2015\/11","title":{"rendered":"Gustavo Matosas&#8230; \u00a1Fuera del Atlas!"},"content":{"rendered":"<p><strong>Gustavo Matosas<\/strong> dej\u00f3 de ser director t\u00e9cnico del <strong>Atlas<\/strong>. A\u00a0dos jornadas\u00a0para que concluya el <strong>Apertura 2015<\/strong>, adem\u00e1s del duelo\u00a0contra\u00a0contra las Chivas que est\u00e1 pendiente, el cuadro <em>rojinegro<\/em> se ha quedado sin entrenador.<\/p>\n<p>En ese sentido,\u00a0medios de Guadalajara apuntan que tras una reuni\u00f3n con Heriberto Ram\u00f3n Morales, presidente deportivo del <strong>Atlas<\/strong>,\u00a0<strong>Gustavo Matosas<\/strong>\u00a0dej\u00f3 el proyecto que reci\u00e9n inici\u00f3 en el verano pasado; se agrega que\u00a0la ruptura fue\u00a0por mutuo acuerdo.<\/p>\n<p>Adem\u00e1s, se se\u00f1ala que\u00a0el mal paso del equipo tapat\u00edo\u00a0y un vestidor roto, fueron los factores que influyeron para que el entrenador <em>charr\u00faa<\/em>\u00a0se\u00a0hiciera a un lado.<\/p>\n<p>Se espera que este martes <strong>Gustavo Matosas<\/strong> ofrezca\u00a0una conferencia de prensa\u00a0para explicar los motivos de su salida. En tanto, la directiva del <strong>Atlas<\/strong> oficializar\u00e1 la ruptura y presentar\u00e1 al argentino\u00a0Hugo Norberto Castillo, que dirige en las Fuerzas B\u00e1sicas del cuadro tapat\u00edo, como t\u00e9cnico interino por lo que resta del torneo.<\/p>\n<p>En el presente\u00a0Apertura 2015, los <em>rojinegros<\/em> del <strong>Atlas<\/strong> se ubican en la posici\u00f3n 14 de la tabla general, con 17 puntos (de 45 posibles).<\/p>\n","protected":false},"excerpt":{"rendered":"<p>El Misionero Castillo ser\u00e1 presentado como t\u00e9cnico interino por lo que resta del torneo<\/p>\n","protected":false},"author":20,"featured_media":330461,"comment_status":"closed","ping_status":"closed","sticky":false,"template":"","format":"standard","meta":[],"categories":[5,2198,3845],"tags":[5961,93],"_links":{"self":[{"href":"http:\/\/desarrollo.grupomedios.com\/futbol\/wp-json\/wp\/v2\/posts\/330450"}],"collection":[{"href":"http:\/\/desarrollo.grupomedios.com\/futbol\/wp-json\/wp\/v2\/posts"}],"about":[{"href":"http:\/\/desarrollo.grupomedios.com\/futbol\/wp-json\/wp\/v2\/types\/post"}],"author":[{"embeddable":true,"href":"http:\/\/desarrollo.grupomedios.com\/futbol\/wp-json\/wp\/v2\/users\/20"}],"replies":[{"embeddable":true,"href":"http:\/\/desarrollo.grupomedios.com\/futbol\/wp-json\/wp\/v2\/comments?post=330450"}],"version-history":[{"count":0,"href":"http:\/\/desarrollo.grupomedios.com\/futbol\/wp-json\/wp\/v2\/posts\/330450\/revisions"}],"wp:featuredmedia":[{"embeddable":true,"href":"http:\/\/desarrollo.grupomedios.com\/futbol\/wp-json\/wp\/v2\/media\/330461"}],"wp:attachment":[{"href":"http:\/\/desarrollo.grupomedios.com\/futbol\/wp-json\/wp\/v2\/media?parent=330450"}],"wp:term":[{"taxonomy":"category","embeddable":true,"href":"http:\/\/desarrollo.grupomedios.com\/futbol\/wp-json\/wp\/v2\/categories?post=330450"},{"taxonomy":"post_tag","embeddable":true,"href":"http:\/\/desarrollo.grupomedios.com\/futbol\/wp-json\/wp\/v2\/tags?post=330450"}],"curies":[{"name":"wp","href":"https:\/\/api.w.org\/{rel}","templated":true}]}}