{"id":330470,"date":"2015-11-02T22:21:50","date_gmt":"2015-11-03T03:21:50","guid":{"rendered":"http:\/\/futboltotal.com.mx\/?p=330470"},"modified":"2015-11-03T13:41:40","modified_gmt":"2015-11-03T18:41:40","slug":"oficial-miguel-herrera-nuevo-dt-de-xolos","status":"publish","type":"post","link":"http:\/\/desarrollo.grupomedios.com\/futbol\/futbol-mexicano\/oficial-miguel-herrera-nuevo-dt-de-xolos\/2015\/11","title":{"rendered":"OFICIAL: Miguel Herrera, nuevo DT de Xolos"},"content":{"rendered":"<p><b>Miguel Herrera<\/b>\u00a0ser\u00e1 entrenador de los\u00a0<b>Xolos de Tijuana<\/b>. Este lunes, la directiva del cuadro fronterizo anunci\u00f3 que lleg\u00f3 a un acuerdo de dos a\u00f1os con el\u00a0<i>Piojo<\/i>, quien iniciar\u00e1 a trabajar el pr\u00f3ximo mes de diciembre rumbo al\u00a0<b>Clausura 2016<\/b>\u00a0de la\u00a0<b>Liga MX<\/b>.<\/p>\n<p>\u201cVamos a lograr cosas exitosas y con esa idea de que ma\u00f1ana vuelvan a tocar la puerta gente de selecci\u00f3n\u2026 Y que me esperen, porque queremos estar muchos a\u00f1os en\u00a0<b>Xolos<\/b>. Venimos con la idea de darle m\u00e1s t\u00edtulos a\u00a0<b>Tijuana<\/b>. Por supuesto el compromiso con ellos para hacer un equipo ganador, generar triunfos, \u00e9xitos y por supuesto t\u00edtulos, queremos ver nuevamente a nuestra gente celebrando t\u00edtulos\u201d, coment\u00f3\u00a0<b>Miguel Herrera<\/b>.<\/p>\n<p>Adem\u00e1s, se dio a conocer que el cuerpo t\u00e9cnico que acompa\u00f1ar\u00e1 a al\u00a0<i>Piojo<\/i>\u00a0<strong>Herrera<\/strong> con los <strong>Xolos de Tijuana<\/strong> son: Diego Ram\u00edrez y \u00c1lvaro Galindo, como auxiliares t\u00e9cnicos; Jos\u00e9 Rangel, el como preparador f\u00edsico; y Jos\u00e9 Torruco, entrenador de porteros.<\/p>\n<p>\u201cSomos un gran cuerpo t\u00e9cnico, pero tambi\u00e9n nos vamos a apoyar con la gente de la instituci\u00f3n que est\u00e1 trabajando en Fuerzas B\u00e1sicas, conozco bien a Gerardo Jim\u00e9nez, a Ra\u00fal Chabrand, apoyarnos en ellos para ver todo el talento de los j\u00f3venes que puedan estar despu\u00e9s en el primer equipo\u201d, destac\u00f3\u00a0<b>Miguel Herrera<\/b>\u00a0en entrevista con el portal de\u00a0<b>Xolos<\/b>.<\/p>\n<p>Como se hab\u00eda establecido con anterioridad, la directiva de\u00a0<b>Tijuana<\/b>\u00a0apunt\u00f3 que la direcci\u00f3n t\u00e9cnica del primer equipo en el cierre del presente torneo estar\u00e1 a cargo del entrenador Ra\u00fal Chabrand.<\/p>\n","protected":false},"excerpt":{"rendered":"<p>El Piojo firm\u00f3 un contrato por dos a\u00f1os con Tijuana<\/p>\n","protected":false},"author":20,"featured_media":330471,"comment_status":"closed","ping_status":"closed","sticky":false,"template":"","format":"standard","meta":[],"categories":[2198,3845],"tags":[255,1555],"_links":{"self":[{"href":"http:\/\/desarrollo.grupomedios.com\/futbol\/wp-json\/wp\/v2\/posts\/330470"}],"collection":[{"href":"http:\/\/desarrollo.grupomedios.com\/futbol\/wp-json\/wp\/v2\/posts"}],"about":[{"href":"http:\/\/desarrollo.grupomedios.com\/futbol\/wp-json\/wp\/v2\/types\/post"}],"author":[{"embeddable":true,"href":"http:\/\/desarrollo.grupomedios.com\/futbol\/wp-json\/wp\/v2\/users\/20"}],"replies":[{"embeddable":true,"href":"http:\/\/desarrollo.grupomedios.com\/futbol\/wp-json\/wp\/v2\/comments?post=330470"}],"version-history":[{"count":0,"href":"http:\/\/desarrollo.grupomedios.com\/futbol\/wp-json\/wp\/v2\/posts\/330470\/revisions"}],"wp:featuredmedia":[{"embeddable":true,"href":"http:\/\/desarrollo.grupomedios.com\/futbol\/wp-json\/wp\/v2\/media\/330471"}],"wp:attachment":[{"href":"http:\/\/desarrollo.grupomedios.com\/futbol\/wp-json\/wp\/v2\/media?parent=330470"}],"wp:term":[{"taxonomy":"category","embeddable":true,"href":"http:\/\/desarrollo.grupomedios.com\/futbol\/wp-json\/wp\/v2\/categories?post=330470"},{"taxonomy":"post_tag","embeddable":true,"href":"http:\/\/desarrollo.grupomedios.com\/futbol\/wp-json\/wp\/v2\/tags?post=330470"}],"curies":[{"name":"wp","href":"https:\/\/api.w.org\/{rel}","templated":true}]}}