{"id":330491,"date":"2015-11-02T23:25:20","date_gmt":"2015-11-03T04:25:20","guid":{"rendered":"http:\/\/futboltotal.com.mx\/?p=330491"},"modified":"2015-11-03T15:54:10","modified_gmt":"2015-11-03T20:54:10","slug":"angel-reyna-ratifica-su-compromiso-con-chivas","status":"publish","type":"post","link":"http:\/\/desarrollo.grupomedios.com\/futbol\/videos\/angel-reyna-ratifica-su-compromiso-con-chivas\/2015\/11","title":{"rendered":"\u00c1ngel Reyna ratifica su compromiso con Chivas"},"content":{"rendered":"<p>Luego de regresar al primer equipo de <strong><a href=\"http:\/\/futboltotal.com.mx\/equipos\/guadalajara\/\" target=\"_blank\">Chivas<\/a><\/strong>, pero a\u00fan sin jugar, <strong>\u00c1ngel Reyna<\/strong> comparti\u00f3 un video en el que demuestra su compromiso con el equipo acompa\u00f1ado con el lema \u201cme critican, juzgan, insultan, traicionan. Qu\u00e9 triste y no me conocen\u201d.<\/p>\n<blockquote class=\"twitter-tweet\" lang=\"es\">\n<p dir=\"ltr\" lang=\"es\">Me critican,juzgan,insultan,traicionan.Q triste y no me conocen <a href=\"https:\/\/twitter.com\/hashtag\/AngelReyna?src=hash\">#AngelReyna<\/a> <a href=\"https:\/\/twitter.com\/jorgevergara\">@jorgevergara<\/a> <a href=\"https:\/\/twitter.com\/hashtag\/ChivasCampeon?src=hash\">#ChivasCampeon<\/a>!<a href=\"https:\/\/twitter.com\/hashtag\/NoTeRajes?src=hash\">#NoTeRajes<\/a> <a href=\"https:\/\/t.co\/hcdad187vj\">https:\/\/t.co\/hcdad187vj<\/a><\/p>\n<p>\u2014 Angel Reyna (@AngelReynaFut) <a href=\"https:\/\/twitter.com\/AngelReynaFut\/status\/661294894447616000\">noviembre 2, 2015<\/a><\/p><\/blockquote>\n<p><script src=\"\/\/platform.twitter.com\/widgets.js\" async=\"\" charset=\"utf-8\"><\/script><br \/>\nHace un par de meses, la directiva releg\u00f3 al delantero a jugar en Tercera Divisi\u00f3n, con el cambio de la misma, <strong>\u00c1ngel Reyna <\/strong>regres\u00f3 aunque sigue sin tener acci\u00f3n en la cancha. Por si fuera poco, el futbolista comparti\u00f3 una foto en la que presume su asistencia a la F\u00f3rmula 1, situaci\u00f3n que no fue del agrado de la afici\u00f3n tapat\u00eda.<\/p>\n<p><iframe loading=\"lazy\" src=\"https:\/\/www.youtube.com\/embed\/QnRUKMYj95U\" frameborder=\"0\" allowfullscreen=\"allowfullscreen\"><\/iframe><\/p>\n","protected":false},"excerpt":{"rendered":"<p>\u201cMe critican, juzgan, insultan, traicionan. Qu\u00e9 triste y no me conocen\u201d, se\u00f1al\u00f3<\/p>\n","protected":false},"author":20,"featured_media":330492,"comment_status":"closed","ping_status":"closed","sticky":false,"template":"","format":"standard","meta":[],"categories":[2198,3845,4,6433],"tags":[1659,70],"_links":{"self":[{"href":"http:\/\/desarrollo.grupomedios.com\/futbol\/wp-json\/wp\/v2\/posts\/330491"}],"collection":[{"href":"http:\/\/desarrollo.grupomedios.com\/futbol\/wp-json\/wp\/v2\/posts"}],"about":[{"href":"http:\/\/desarrollo.grupomedios.com\/futbol\/wp-json\/wp\/v2\/types\/post"}],"author":[{"embeddable":true,"href":"http:\/\/desarrollo.grupomedios.com\/futbol\/wp-json\/wp\/v2\/users\/20"}],"replies":[{"embeddable":true,"href":"http:\/\/desarrollo.grupomedios.com\/futbol\/wp-json\/wp\/v2\/comments?post=330491"}],"version-history":[{"count":0,"href":"http:\/\/desarrollo.grupomedios.com\/futbol\/wp-json\/wp\/v2\/posts\/330491\/revisions"}],"wp:featuredmedia":[{"embeddable":true,"href":"http:\/\/desarrollo.grupomedios.com\/futbol\/wp-json\/wp\/v2\/media\/330492"}],"wp:attachment":[{"href":"http:\/\/desarrollo.grupomedios.com\/futbol\/wp-json\/wp\/v2\/media?parent=330491"}],"wp:term":[{"taxonomy":"category","embeddable":true,"href":"http:\/\/desarrollo.grupomedios.com\/futbol\/wp-json\/wp\/v2\/categories?post=330491"},{"taxonomy":"post_tag","embeddable":true,"href":"http:\/\/desarrollo.grupomedios.com\/futbol\/wp-json\/wp\/v2\/tags?post=330491"}],"curies":[{"name":"wp","href":"https:\/\/api.w.org\/{rel}","templated":true}]}}