{"id":330602,"date":"2015-11-03T18:14:05","date_gmt":"2015-11-03T23:14:05","guid":{"rendered":"http:\/\/futboltotal.com.mx\/?p=330602"},"modified":"2015-11-03T18:51:20","modified_gmt":"2015-11-03T23:51:20","slug":"cinco-naturalizados-discutidos-en-la-seleccion-mexicana","status":"publish","type":"post","link":"http:\/\/desarrollo.grupomedios.com\/futbol\/destacado-home\/cinco-naturalizados-discutidos-en-la-seleccion-mexicana\/2015\/11","title":{"rendered":"Cinco pol\u00e9micos naturalizados en Selecci\u00f3n Mexicana"},"content":{"rendered":"<p>El sue\u00f1o de cualquier futbolista una vez que ha cumplido el anhelo de convertirse en profesional es representar a su selecci\u00f3n, al menos, en mayor\u00eda de casos. Cuando el pa\u00eds de origen es una potencia en el balompi\u00e9, esa situaci\u00f3n se complica y con las opciones escasas, varios personajes han optado por representar a otra naci\u00f3n.<\/p>\n<p>La <strong>Selecci\u00f3n Mexicana<\/strong>, con la posibilidad al alcance de la mano, se ha potenciado en muchas ocasiones con naturalizados, esencialmente de Espa\u00f1a o Argentina, esta \u00faltima naci\u00f3n domina en cuanto a las estad\u00edsticas.<\/p>\n<p>De entre las m\u00faltiples alternativas a elegir, optamos por <strong>cinco naturalizados discutidos en la Selecci\u00f3n Mexicana<\/strong>, dos de ellos, en su onom\u00e1stico: Guillermo Franco y Mat\u00edas Vuoso.<\/p>\n<p><strong><span style=\"color: #ff0000;\">Gabriel Caballero<\/span><\/strong> | El desfile de naturalizados en este siglo para el Tri comenz\u00f3 con el futbolista de Pachuca por aquel entonces. En la \u00e9poca de gloria de Javier Aguirre con los <em>Tuzos<\/em> fue pieza fundamental y con el Mundial 2002 a la vista\u00a0el <em>Vasco<\/em>\u00a0opt\u00f3 por darle la alternativa, lo que ocasion\u00f3 cr\u00edticas al por mayor de dos baluartes en el Mundial anterior para la <strong>Selecci\u00f3n Mexicana: <\/strong>Luis Hern\u00e1ndez y Manuel Lapuente.<strong>\u00a0<\/strong><\/p>\n<p>El Matador explot\u00f3: &#8220;Hay mejores jugadores mexicanos y los mexicanos tenemos que hacer algo. Si bien (Caballero) aporta algo a la selecci\u00f3n que bueno, pero para uno como mexicano es muy molesto&#8221;. Y abund\u00f3:\u00a0&#8220;yo no pido una oportunidad, nada, yo trabajo y lo que hice, creo que lo hice muy bien no soy yo quien debe juzgar, pero hay muchos que se fajaron desde muy chicos y esperan la oportunidad de ir a un mundial y que venga un argentino, al que le den su lugar, a m\u00ed se me hace il\u00f3gico&#8221;.<\/p>\n<p>Por su parte, el estratega se\u00f1al\u00f3 que el mediocampista ten\u00eda cualidades pero no superiores a las de los nacidos en M\u00e9xico. &#8220;Es buen jugador, pero en mi opini\u00f3n hay mejores elementos mexicanos por nacimiento. Como mexicano digo lo que siento y no tengo ning\u00fan reparo en decirlo, tengo mi mente tranquila y voy bien, y esto me da raz\u00f3n para decir esto&#8221;.<\/p>\n<p><a href=\"http:\/\/futboltotal.com.mx\/wp-content\/uploads\/2015\/11\/Gabriel-Caballero-Tri-.jpg\"><img decoding=\"async\" loading=\"lazy\" class=\"alignnone size-full wp-image-330624\" src=\"http:\/\/futboltotal.com.mx\/wp-content\/uploads\/2015\/11\/Gabriel-Caballero-Tri-.jpg\" alt=\"Gabriel Caballero Tri\" srcset=\"http:\/\/desarrollo.grupomedios.com\/futbol\/wp-content\/uploads\/2015\/11\/Gabriel-Caballero-Tri-.jpg 820w, http:\/\/desarrollo.grupomedios.com\/futbol\/wp-content\/uploads\/2015\/11\/Gabriel-Caballero-Tri--300x110.jpg 300w\" sizes=\"(max-width: 820px) 100vw, 820px\" \/><\/a><\/p>\n<p><span style=\"color: #ff0000;\"><strong>Guillermo Franco<\/strong><\/span> |\u00a0&#8220;Estoy consciente que todas las miradas van a estar sobre m\u00ed, esperando que no me equivoque&#8221;, continu\u00f3. &#8220;Soy inmensamente feliz, me puse la camiseta con mucha alegr\u00eda&#8221;, fueron las palabras del entonces futbolista de Monterrey.<\/p>\n<p>&#8220;Espero llenarle el ojo (a La Volpe)&#8221;, dijo el Guille Franco, y confes\u00f3 que esta convocatoria es &#8220;un sue\u00f1o hecho realidad&#8221;. Al final, disput\u00f3 dos Mundiales aunque las cr\u00edticas nunca cesaron, sobre todo, para el segundo de esos torneos.<\/p>\n<p>El hecho de ser argentino de nacimiento pes\u00f3 en los reproches y Guille hizo sentir su malestar.\u00a0&#8220;\u00a1El patriotismo o nacionalismo que tiene el mexicano es absurdo! Es una idiotez realmente, cuando es algo que pasa en las mejores selecciones del mundo; pero en M\u00e9xico dicen &#8216;\u00a1No, naturalizados nooo!&#8221;<\/p>\n<p><a href=\"http:\/\/futboltotal.com.mx\/wp-content\/uploads\/2015\/11\/Guille-Franco-.jpg\"><img decoding=\"async\" loading=\"lazy\" class=\"alignnone size-full wp-image-330644\" src=\"http:\/\/futboltotal.com.mx\/wp-content\/uploads\/2015\/11\/Guille-Franco-.jpg\" alt=\"Guille Franco\" srcset=\"http:\/\/desarrollo.grupomedios.com\/futbol\/wp-content\/uploads\/2015\/11\/Guille-Franco-.jpg 820w, http:\/\/desarrollo.grupomedios.com\/futbol\/wp-content\/uploads\/2015\/11\/Guille-Franco--300x117.jpg 300w\" sizes=\"(max-width: 820px) 100vw, 820px\" \/><\/a><\/p>\n<p><span style=\"color: #ff0000;\"><strong>Mat\u00edas Vuoso<\/strong> <\/span>| Con varios a\u00f1os de grandes actuaciones en el balompi\u00e9 mexicano, el Toro se gan\u00f3 una oportunidad pese a que el medio en general rechazaba esa oportunidad.<\/p>\n<p>Vuoso fue pieza importante para la eliminatoria rumbo al Mundial de 2010 y es que de no haber rematado de manera excelsa en la visita ante Canad\u00e1 para firmar el empate, el <em>Tri<\/em> habr\u00eda quedado eliminado en la fase previa al Hexagonal.<\/p>\n<p><a href=\"http:\/\/futboltotal.com.mx\/wp-content\/uploads\/2015\/11\/Vuoso-con-el-Tri-.jpg\"><img decoding=\"async\" loading=\"lazy\" class=\"alignnone size-full wp-image-330685\" src=\"http:\/\/futboltotal.com.mx\/wp-content\/uploads\/2015\/11\/Vuoso-con-el-Tri-.jpg\" alt=\"Vuoso con el Tri\" srcset=\"http:\/\/desarrollo.grupomedios.com\/futbol\/wp-content\/uploads\/2015\/11\/Vuoso-con-el-Tri-.jpg 820w, http:\/\/desarrollo.grupomedios.com\/futbol\/wp-content\/uploads\/2015\/11\/Vuoso-con-el-Tri--300x121.jpg 300w\" sizes=\"(max-width: 820px) 100vw, 820px\" \/><\/a><\/p>\n<p><span style=\"color: #ff0000;\">Lucas Ayala<\/span> y <span style=\"color: #ff0000;\">Leandro Augusto<\/span>\u00a0| La estancia de Sven G\u00f6ran Eriksson con la <strong>Selecci\u00f3n Mexicana<\/strong> fue de m\u00faltiples cambios, entre los principales, el llamado a naturalizados.\u00a0Ayala complet\u00f3 de manera muy breve su estancia como seleccionado, acumul\u00f3 sesenta minutos en un encuentro mientras que el expuma, fue un asiduo en el medio campo al lado de Israel Castro, al menos, durante la estancia del sueco en el banquillo.<\/p>\n<p><a href=\"http:\/\/futboltotal.com.mx\/wp-content\/uploads\/2015\/11\/Leandro-Augusto-.jpg\"><img decoding=\"async\" loading=\"lazy\" class=\"alignnone size-full wp-image-330693\" src=\"http:\/\/futboltotal.com.mx\/wp-content\/uploads\/2015\/11\/Leandro-Augusto-.jpg\" alt=\"Leandro Augusto\" srcset=\"http:\/\/desarrollo.grupomedios.com\/futbol\/wp-content\/uploads\/2015\/11\/Leandro-Augusto-.jpg 820w, http:\/\/desarrollo.grupomedios.com\/futbol\/wp-content\/uploads\/2015\/11\/Leandro-Augusto--300x110.jpg 300w\" sizes=\"(max-width: 820px) 100vw, 820px\" \/><\/a><\/p>\n","protected":false},"excerpt":{"rendered":"<p>La el\u00e1stica verde les pes\u00f3 m\u00e1s de lo imaginado <\/p>\n","protected":false},"author":20,"featured_media":330615,"comment_status":"closed","ping_status":"closed","sticky":false,"template":"","format":"standard","meta":[],"categories":[5,3847],"tags":[1167,331],"_links":{"self":[{"href":"http:\/\/desarrollo.grupomedios.com\/futbol\/wp-json\/wp\/v2\/posts\/330602"}],"collection":[{"href":"http:\/\/desarrollo.grupomedios.com\/futbol\/wp-json\/wp\/v2\/posts"}],"about":[{"href":"http:\/\/desarrollo.grupomedios.com\/futbol\/wp-json\/wp\/v2\/types\/post"}],"author":[{"embeddable":true,"href":"http:\/\/desarrollo.grupomedios.com\/futbol\/wp-json\/wp\/v2\/users\/20"}],"replies":[{"embeddable":true,"href":"http:\/\/desarrollo.grupomedios.com\/futbol\/wp-json\/wp\/v2\/comments?post=330602"}],"version-history":[{"count":0,"href":"http:\/\/desarrollo.grupomedios.com\/futbol\/wp-json\/wp\/v2\/posts\/330602\/revisions"}],"wp:featuredmedia":[{"embeddable":true,"href":"http:\/\/desarrollo.grupomedios.com\/futbol\/wp-json\/wp\/v2\/media\/330615"}],"wp:attachment":[{"href":"http:\/\/desarrollo.grupomedios.com\/futbol\/wp-json\/wp\/v2\/media?parent=330602"}],"wp:term":[{"taxonomy":"category","embeddable":true,"href":"http:\/\/desarrollo.grupomedios.com\/futbol\/wp-json\/wp\/v2\/categories?post=330602"},{"taxonomy":"post_tag","embeddable":true,"href":"http:\/\/desarrollo.grupomedios.com\/futbol\/wp-json\/wp\/v2\/tags?post=330602"}],"curies":[{"name":"wp","href":"https:\/\/api.w.org\/{rel}","templated":true}]}}