{"id":330809,"date":"2015-11-04T11:57:02","date_gmt":"2015-11-04T16:57:02","guid":{"rendered":"http:\/\/futboltotal.com.mx\/?p=330809"},"modified":"2015-11-04T12:37:09","modified_gmt":"2015-11-04T17:37:09","slug":"del-bosque-destaca-cualidades-de-chicharito-y-vela","status":"publish","type":"post","link":"http:\/\/desarrollo.grupomedios.com\/futbol\/futbol-internacional\/del-bosque-destaca-cualidades-de-chicharito-y-vela\/2015\/11","title":{"rendered":"Del Bosque destaca cualidades de Chicharito y Vela"},"content":{"rendered":"<p>La calidad de Javier <strong><em>Chicharito<\/em><\/strong> Hern\u00e1ndez y Carlos <strong>Vela<\/strong> en el futbol europeo se ha ganado el elogio del director t\u00e9cnico de la selecci\u00f3n de Espa\u00f1a, Vicente del Bosque, quien se dio tiempo de hablar de los mexicanos, en su visita a Pachuca, con motivo de su investidura al Sal\u00f3n de la Fama del Futbol.<\/p>\n<p>El oriundo de Salamanca, asever\u00f3 que, a pesar de ser dos jugadores distintos, tienen cualidades extraordinarias, concretamente se refiri\u00f3 a Hern\u00e1ndez como un jugador con ambici\u00f3n, y que siempre se muestra \u00e1gil en el \u00e1rea.<\/p>\n<p style=\"text-align: center;\"><strong><span style=\"color: #3366ff;\"><a style=\"color: #3366ff;\" href=\"http:\/\/futboltotal.com.mx\/2015\/11\/celebran-quinta-investidura-del-salon-de-la-fama\/\">LEER M\u00c1S: 5ta investidura al Sal\u00f3n de la Fama del Futbol<\/a><\/span><\/strong><\/p>\n<p><strong>\u201c<em>Chicharito<\/em><\/strong> es alguien que solo vive para el gol, que juega con una gran ambici\u00f3n y es generoso con los movimientos\u201d, asegur\u00f3 el ex entrenador del Real Madrid.<\/p>\n<p>Respecto a Carlos <strong>Vela,<\/strong> Del Bosque destac\u00f3 su rapidez y profesionalismo, cualidades que lo han hecho crecer el nombre de la Real Sociedad y ganar prestigio para jugar en un club de mayor jerarqu\u00eda.<\/p>\n<p>\u201cCarlos <strong>Vela<\/strong> es un jugador de much\u00edsima calidad, r\u00e1pido, tiene mucha seguridad con la pelota al regatear y tiene unas cualidades fant\u00e1sticas. Es un gran futbolista. No le ha quedado peque\u00f1a la Real, porque es un equipo muy bueno. Tal vez renunci\u00f3 ir a otros equipos, pero tengo la mejor estima para \u00e9l como profesional\u201d, finaliz\u00f3.<\/p>\n<p><strong>Vicente del Bosque<\/strong>, fue inducido al Sal\u00f3n de la Fama, dentro de la 5ta ceremonia de investidura, al lado de figuras de la talla de Michelle Akers, Victor Manuel Vucetich, Daniel Passarella, Enrique Meza, Amadeo Carrizo, Alcides Ghiggia, Luis Figo, Ruud Gullit y Luis Garc\u00eda.<\/p>\n","protected":false},"excerpt":{"rendered":"<p>El DT de Espa\u00f1a elogi\u00f3 al par de mexicanos en su visita a Pachuca<\/p>\n","protected":false},"author":20,"featured_media":330812,"comment_status":"closed","ping_status":"closed","sticky":false,"template":"","format":"standard","meta":[],"categories":[3839,5951],"tags":[6048,120,1883],"_links":{"self":[{"href":"http:\/\/desarrollo.grupomedios.com\/futbol\/wp-json\/wp\/v2\/posts\/330809"}],"collection":[{"href":"http:\/\/desarrollo.grupomedios.com\/futbol\/wp-json\/wp\/v2\/posts"}],"about":[{"href":"http:\/\/desarrollo.grupomedios.com\/futbol\/wp-json\/wp\/v2\/types\/post"}],"author":[{"embeddable":true,"href":"http:\/\/desarrollo.grupomedios.com\/futbol\/wp-json\/wp\/v2\/users\/20"}],"replies":[{"embeddable":true,"href":"http:\/\/desarrollo.grupomedios.com\/futbol\/wp-json\/wp\/v2\/comments?post=330809"}],"version-history":[{"count":0,"href":"http:\/\/desarrollo.grupomedios.com\/futbol\/wp-json\/wp\/v2\/posts\/330809\/revisions"}],"wp:featuredmedia":[{"embeddable":true,"href":"http:\/\/desarrollo.grupomedios.com\/futbol\/wp-json\/wp\/v2\/media\/330812"}],"wp:attachment":[{"href":"http:\/\/desarrollo.grupomedios.com\/futbol\/wp-json\/wp\/v2\/media?parent=330809"}],"wp:term":[{"taxonomy":"category","embeddable":true,"href":"http:\/\/desarrollo.grupomedios.com\/futbol\/wp-json\/wp\/v2\/categories?post=330809"},{"taxonomy":"post_tag","embeddable":true,"href":"http:\/\/desarrollo.grupomedios.com\/futbol\/wp-json\/wp\/v2\/tags?post=330809"}],"curies":[{"name":"wp","href":"https:\/\/api.w.org\/{rel}","templated":true}]}}