{"id":330829,"date":"2015-11-04T14:28:22","date_gmt":"2015-11-04T19:28:22","guid":{"rendered":"http:\/\/futboltotal.com.mx\/?p=330829"},"modified":"2015-11-04T14:28:44","modified_gmt":"2015-11-04T19:28:44","slug":"gerrard-alista-su-regreso-al-liverpool","status":"publish","type":"post","link":"http:\/\/desarrollo.grupomedios.com\/futbol\/futbol-internacional\/gerrard-alista-su-regreso-al-liverpool\/2015\/11","title":{"rendered":"Gerrard alista su regreso al Liverpool"},"content":{"rendered":"<p>El d\u00eda que<strong> Steven Gerrard<\/strong> dej\u00f3 al Liverpool prometi\u00f3 volver &#8220;en un futuro no muy lejano&#8221;. La posibilidad para que as\u00ed sea podr\u00eda darse antes de lo esperado \u00bfla raz\u00f3n? ser\u00eda &#8220;la pieza perfecta&#8221; para que el cuerpo t\u00e9cnico del entrenador del Liverpool, J\u00fcrgen Klopp.<\/p>\n<p>Durante la ma\u00f1ana de este mi\u00e9rcoles, el estratega alem\u00e1n y el mediocampista ingl\u00e9s tuvieron una charla para conversar acerca de la posibilidades reales que hay para que este \u00faltimo vuelva a entrenar con el equipo en breve, despu\u00e9s de que tendr\u00e1 vacaciones anticipadas tras la eliminaci\u00f3n del Galaxy en los <em>play-offs.<\/em><\/p>\n<p>Los acercamientos entre Kloop y Gerrard van mas alla de una simple llamada telef\u00f3nica. Para el pr\u00f3ximo domingo, <em>Steve, <\/em>quien se encuentar de vacaciones en Inglaterra<em>, <\/em>asistir\u00e1 al duelo entre entre Liverpool y Crystal Palace y luego tendr\u00e1 una reuni\u00f3n con el timonel alem\u00e1n, seg\u00fan revela la prensa inglesa.<\/p>\n<p>Si hay acuerdo entre ambas partes, la vuelta de Gerrard podr\u00eda darse en el pr\u00f3ximo mercado de invierno, toda vez que el mediocmapista ya habr\u00eda charlado con el entrenador del Galaxy, Bruce Arena, para comentrala su intenci\u00f3n de volver. La unica condici\u00f3n que habr\u00eda puesto el timonel para el regreso del eterno capit\u00e1n es que dosifique el esfuerzo y solo juegue un partido por semana para evitar desgastarse en demas\u00eda antes de que vuelva a la MLS.<\/p>\n<p style=\"text-align: center;\"><strong><span style=\"color: #3366ff;\"><a style=\"color: #3366ff;\" href=\"http:\/\/futboltotal.com.mx\/futbol-internacional\/\">LEER M\u00c1S: Todas las noticias de la Premier League<\/a><\/span><\/strong><\/p>\n","protected":false},"excerpt":{"rendered":"<p>El mediocampista ingl\u00e9s se reunir\u00e1 con Klopp y la directiva de Anfield<\/p>\n","protected":false},"author":20,"featured_media":330835,"comment_status":"closed","ping_status":"closed","sticky":false,"template":"","format":"standard","meta":[],"categories":[3839,3846,5951],"tags":[2863,5989,6439],"_links":{"self":[{"href":"http:\/\/desarrollo.grupomedios.com\/futbol\/wp-json\/wp\/v2\/posts\/330829"}],"collection":[{"href":"http:\/\/desarrollo.grupomedios.com\/futbol\/wp-json\/wp\/v2\/posts"}],"about":[{"href":"http:\/\/desarrollo.grupomedios.com\/futbol\/wp-json\/wp\/v2\/types\/post"}],"author":[{"embeddable":true,"href":"http:\/\/desarrollo.grupomedios.com\/futbol\/wp-json\/wp\/v2\/users\/20"}],"replies":[{"embeddable":true,"href":"http:\/\/desarrollo.grupomedios.com\/futbol\/wp-json\/wp\/v2\/comments?post=330829"}],"version-history":[{"count":0,"href":"http:\/\/desarrollo.grupomedios.com\/futbol\/wp-json\/wp\/v2\/posts\/330829\/revisions"}],"wp:featuredmedia":[{"embeddable":true,"href":"http:\/\/desarrollo.grupomedios.com\/futbol\/wp-json\/wp\/v2\/media\/330835"}],"wp:attachment":[{"href":"http:\/\/desarrollo.grupomedios.com\/futbol\/wp-json\/wp\/v2\/media?parent=330829"}],"wp:term":[{"taxonomy":"category","embeddable":true,"href":"http:\/\/desarrollo.grupomedios.com\/futbol\/wp-json\/wp\/v2\/categories?post=330829"},{"taxonomy":"post_tag","embeddable":true,"href":"http:\/\/desarrollo.grupomedios.com\/futbol\/wp-json\/wp\/v2\/tags?post=330829"}],"curies":[{"name":"wp","href":"https:\/\/api.w.org\/{rel}","templated":true}]}}