{"id":330947,"date":"2015-11-04T16:48:32","date_gmt":"2015-11-04T21:48:32","guid":{"rendered":"http:\/\/futboltotal.com.mx\/?p=330947"},"modified":"2015-11-04T16:50:42","modified_gmt":"2015-11-04T21:50:42","slug":"jesus-corona-intentara-reducir-tiempo-de-recuperacion","status":"publish","type":"post","link":"http:\/\/desarrollo.grupomedios.com\/futbol\/futbol-mexicano\/jesus-corona-intentara-reducir-tiempo-de-recuperacion\/2015\/11","title":{"rendered":"Jes\u00fas Corona intentar\u00e1 reducir tiempo de recuperaci\u00f3n"},"content":{"rendered":"<p>El portero del <strong><a href=\"http:\/\/www.futboltotal.com.mx\/equipos\/cruz-azul\/\" target=\"_blank\">Cruz Azul<\/a><\/strong>, <strong>Jos\u00e9 de Jes\u00fas Corona<\/strong>, afirma que est\u00e1 tranquilo por la luxaci\u00f3n que sufri\u00f3 en el hombro, tras un choque con Edgar Andrade en el encuentro entre la <em>M\u00e1quina<\/em> y Veracruz, de la jornada 15. El cancerbero piensa tomar las cosas con calma; no obstante, espera reducir el tiempo de recuperaci\u00f3n para evitar quedarse tres meses inactivo.<\/p>\n<p>&#8220;Por lo pronto el diagn\u00f3stico es de tres meses, pero puede bajar seg\u00fan el organismo y como vaya reaccionando, espero bajarlo a ocho semanas&#8221;, explic\u00f3<strong> Jes\u00fas Corona<\/strong>.<\/p>\n<p style=\"text-align: center;\"><span style=\"color: #3366ff;\"><a style=\"color: #3366ff;\" href=\"http:\/\/futboltotal.com.mx\/2015\/10\/jesus-corona-se-lesiona-en-juego-contra-veracruz\/\" target=\"_blank\">LEER M\u00c1S: El momento de la lesi\u00f3n de Jes\u00fas Corona.<\/a><\/span><\/p>\n<p><strong>Jes\u00fas Corona<\/strong> viaj\u00f3 el lunes a Houston para valorar si necesitaba operaci\u00f3n en el hombro izquierdo, pero el m\u00e9dico de aquella entidad norteamericano, le se\u00f1al\u00f3 que no requer\u00eda intervenci\u00f3n, situaci\u00f3n que le alivi\u00f3 al cancerbero.<\/p>\n<p>&#8220;De los males el menor, la verdad por ese lado estoy contento de saber que se evita la cirug\u00eda y bueno ahora vamos a llevar a cabo el procedimiento que nos indicaron el doctor Masson que fue el que dio el diagn\u00f3stico y bueno, junto con el doctor Jim\u00e9nez y todo el cuerpo m\u00e9dico de <strong>Cruz Azul<\/strong>&#8220;, agreg\u00f3 <strong>Jes\u00fas Corona<\/strong>.<\/p>\n<p>Finalmente, el cancerbero dijo que pese a que se perder\u00e1 el resto del torneo, apoyar\u00e1 a sus compa\u00f1eros incondicionalmente, pues es parte del equipo. Con ello, el portero se unir\u00e1 a Marc Crosas y Francisco Rodr\u00edguez, a los trabajos de rehabilitaci\u00f3n con el jefe se servicios m\u00e9dicos de Cruz Azul, Alfonso Jim\u00e9nez.<\/p>\n<p><span style=\"color: #ff0000;\"><strong>VIDEO: Agenda de TV | Jornada 16, Liga MX<\/strong><\/span><\/p>\n<p>[video_player]https:\/\/player.vimeo.com\/external\/144553986.hd.mp4?s=5ea9f1b9fa881fb0e59a15d4b4970fb6ddc3d73c&amp;profile_id=113[\/video_player]<\/p>\n","protected":false},"excerpt":{"rendered":"<p>Sin embargo, depende de c\u00f3mo reaccione su cuerpo<\/p>\n","protected":false},"author":20,"featured_media":330981,"comment_status":"closed","ping_status":"closed","sticky":false,"template":"","format":"standard","meta":[],"categories":[2198,3845,5950],"tags":[5962,5443],"_links":{"self":[{"href":"http:\/\/desarrollo.grupomedios.com\/futbol\/wp-json\/wp\/v2\/posts\/330947"}],"collection":[{"href":"http:\/\/desarrollo.grupomedios.com\/futbol\/wp-json\/wp\/v2\/posts"}],"about":[{"href":"http:\/\/desarrollo.grupomedios.com\/futbol\/wp-json\/wp\/v2\/types\/post"}],"author":[{"embeddable":true,"href":"http:\/\/desarrollo.grupomedios.com\/futbol\/wp-json\/wp\/v2\/users\/20"}],"replies":[{"embeddable":true,"href":"http:\/\/desarrollo.grupomedios.com\/futbol\/wp-json\/wp\/v2\/comments?post=330947"}],"version-history":[{"count":0,"href":"http:\/\/desarrollo.grupomedios.com\/futbol\/wp-json\/wp\/v2\/posts\/330947\/revisions"}],"wp:featuredmedia":[{"embeddable":true,"href":"http:\/\/desarrollo.grupomedios.com\/futbol\/wp-json\/wp\/v2\/media\/330981"}],"wp:attachment":[{"href":"http:\/\/desarrollo.grupomedios.com\/futbol\/wp-json\/wp\/v2\/media?parent=330947"}],"wp:term":[{"taxonomy":"category","embeddable":true,"href":"http:\/\/desarrollo.grupomedios.com\/futbol\/wp-json\/wp\/v2\/categories?post=330947"},{"taxonomy":"post_tag","embeddable":true,"href":"http:\/\/desarrollo.grupomedios.com\/futbol\/wp-json\/wp\/v2\/tags?post=330947"}],"curies":[{"name":"wp","href":"https:\/\/api.w.org\/{rel}","templated":true}]}}