{"id":331222,"date":"2015-11-05T00:49:42","date_gmt":"2015-11-05T05:49:42","guid":{"rendered":"http:\/\/futboltotal.com.mx\/?p=331222"},"modified":"2015-11-05T00:49:42","modified_gmt":"2015-11-05T05:49:42","slug":"almeyda-agradece-haber-llegado-a-chivas","status":"publish","type":"post","link":"http:\/\/desarrollo.grupomedios.com\/futbol\/futbol-mexicano\/almeyda-agradece-haber-llegado-a-chivas\/2015\/11","title":{"rendered":"Almeyda agradece haber llegado a Chivas"},"content":{"rendered":"<p>Despu\u00e9s de 9 a\u00f1os, el conjunto de las <strong>Chivas<\/strong> de Guadalajara vuelven a celebrar un t\u00edtulo, ahora con la obtenci\u00f3n de la Copa MX a costa de los Esmeraldas de Le\u00f3n; por lo que motivos para celebrara sobran dentro del conjunto <em>rojiblanco<\/em>.<\/p>\n<p>El primero en agradecer el titulo fue el director t\u00e9cnico del <em>Reba\u00f1o<\/em>, <strong>Mat\u00edas Almeyda<\/strong>, quien se dijo agradecido por la oportunidad brindada, y por el esfuerzo de sus jugadores, para la obtenci\u00f3n del t\u00edtulo copero.<\/p>\n<p>\u201cEstoy agradecido con este grupo de jugadores que supo interpretar como se quer\u00eda trabajar. La clave es el trabajo, la constancia, el sacrificio y la humildad. La gente necesitaba de este momento, sobre todo por lo que se vive en el torneo. Esto me va a quedar en el coraz\u00f3n por el resto de mi vida. Estoy agradecido por llegar a Chivas y agradezco a Dios\u201d, dej\u00f3 en claro el argentino.<\/p>\n<p style=\"text-align: center;\"><strong><span style=\"color: #3366ff;\"><a style=\"color: #3366ff;\" href=\"http:\/\/futboltotal.com.mx\/2015\/11\/chivas-campeon-de-copa-mx\/\">LEER M\u00c1S: Chivas. Campe\u00f3n de la Copa MX<\/a><\/span><\/strong><\/p>\n<p>Por el contrario, alguien que no se mostr\u00f3 nada mesurado, fue el siempre pol\u00e9mico due\u00f1o de las <strong>Chivas<\/strong>, <strong>Jorge Vergara<\/strong>, quien reconoci\u00f3 la calidad del rival, pero que dijo que la Copa MX, es solo el comienzo de grandes cosas que vienen para los suyos.<\/p>\n<p>\u201cEste t\u00edtulo me sabe a gloria, y estoy muy emocionado por lo que sigue. Le ganamos a un gran equipo. Somos un gran Campe\u00f3n. Me siento poca mad\u2026 y vamos por la Liga\u201d advirti\u00f3 Vergara.<\/p>\n<p>Despu\u00e9s de la celebraci\u00f3n del t\u00edtulo, el conjunto de las <strong>Chivas<\/strong> deben de concentrarse de lleno en el torneo de liga, en el cual a\u00fan tienen posibilidades de calificar a la liguilla, pero donde tambi\u00e9n tienen problemas de descenso, por lo que los festejos tendr\u00e1n que ser mesurados.<\/p>\n","protected":false},"excerpt":{"rendered":"<p>Jorge Vergara \u201camenaza\u201d que ahora van por el t\u00edtulo de liga<\/p>\n","protected":false},"author":20,"featured_media":331225,"comment_status":"closed","ping_status":"closed","sticky":false,"template":"","format":"standard","meta":[],"categories":[4247,2198,5950],"tags":[70,285,243,1420],"_links":{"self":[{"href":"http:\/\/desarrollo.grupomedios.com\/futbol\/wp-json\/wp\/v2\/posts\/331222"}],"collection":[{"href":"http:\/\/desarrollo.grupomedios.com\/futbol\/wp-json\/wp\/v2\/posts"}],"about":[{"href":"http:\/\/desarrollo.grupomedios.com\/futbol\/wp-json\/wp\/v2\/types\/post"}],"author":[{"embeddable":true,"href":"http:\/\/desarrollo.grupomedios.com\/futbol\/wp-json\/wp\/v2\/users\/20"}],"replies":[{"embeddable":true,"href":"http:\/\/desarrollo.grupomedios.com\/futbol\/wp-json\/wp\/v2\/comments?post=331222"}],"version-history":[{"count":0,"href":"http:\/\/desarrollo.grupomedios.com\/futbol\/wp-json\/wp\/v2\/posts\/331222\/revisions"}],"wp:featuredmedia":[{"embeddable":true,"href":"http:\/\/desarrollo.grupomedios.com\/futbol\/wp-json\/wp\/v2\/media\/331225"}],"wp:attachment":[{"href":"http:\/\/desarrollo.grupomedios.com\/futbol\/wp-json\/wp\/v2\/media?parent=331222"}],"wp:term":[{"taxonomy":"category","embeddable":true,"href":"http:\/\/desarrollo.grupomedios.com\/futbol\/wp-json\/wp\/v2\/categories?post=331222"},{"taxonomy":"post_tag","embeddable":true,"href":"http:\/\/desarrollo.grupomedios.com\/futbol\/wp-json\/wp\/v2\/tags?post=331222"}],"curies":[{"name":"wp","href":"https:\/\/api.w.org\/{rel}","templated":true}]}}