{"id":331263,"date":"2015-11-05T10:06:07","date_gmt":"2015-11-05T15:06:07","guid":{"rendered":"http:\/\/futboltotal.com.mx\/?p=331263"},"modified":"2015-11-05T10:07:36","modified_gmt":"2015-11-05T15:07:36","slug":"benzema-imputado-por-extorsion-a-valbuena","status":"publish","type":"post","link":"http:\/\/desarrollo.grupomedios.com\/futbol\/futbol-internacional\/benzema-imputado-por-extorsion-a-valbuena\/2015\/11","title":{"rendered":"Benzema, imputado por extorsi\u00f3n a Valbuena"},"content":{"rendered":"<p>Un d\u00eda despu\u00e9s de ser citado a declarar por estar presuntamente involucrado en una extorsi\u00f3n con un video sexual a <strong>Mathieu Valbuena<\/strong>, el delantero franc\u00e9s <strong>Karim Benzema<\/strong> fue imputado y puesto bajo control judicial, inform\u00f3 la Fiscal\u00eda de Versalles.<\/p>\n<p>La ma\u00f1ana de hoy, el delantero del Real Madrid lleg\u00f3 al Palacio de Justicia de Versalles para concluir con el proceso policial que inici\u00f3 este mi\u00e9rcoles, en el que fue arrestado en el marco de una investigaci\u00f3n que pretende determinar a los responsables del chantaje a Valbuena, su compa\u00f1ero en la selecci\u00f3n de Francia.<\/p>\n<p>Benzema estuvo poco m\u00e1s de cuatro horas ante el ministerio de justicia y alrededor de las 14:00 horas (tiempo local) abandon\u00f3 el recinto imputado por &#8220;complicidad en intento de chantaje y participaci\u00f3n en una asociaci\u00f3n de malhechores para preparar un delito que puede ser castigado con al menos cinco a\u00f1os de c\u00e1rcel&#8221;, se\u00f1al\u00f3 la Fiscal\u00eda en un comunicado.<\/p>\n<p>Despu\u00e9s de su contribuci\u00f3n con la justicia, Benzema tiene prohibido entrar en contacto con Mathie Valbuena y alguno de los otros tres imputados en el caso, entre ellos su connacional Djibril Cisse. Pese a ello, Karim\u00a0 no tendr\u00e1 complicaciones para entrenar con el Real Madrid y viajar para disputar compromisos internacionales con el club y selecci\u00f3n, toda vez que el juez consider\u00f3 que no era necesario aplicarle medidas cautelares.<\/p>\n<p>Si despu\u00e9s de concluidas las investigaciones se determina que franc\u00e9s Karim Benzema estuvo detr\u00e1s de la extorsi\u00f3n podr\u00eda alcanzar una pena de hasta cicno a\u00f1os de prisi\u00f3n.<\/p>\n","protected":false},"excerpt":{"rendered":"<p>De resultar culpable, el delantero franc\u00e9s podr\u00eda ir a prisi\u00f3n cinco a\u00f1os<\/p>\n","protected":false},"author":20,"featured_media":331266,"comment_status":"closed","ping_status":"closed","sticky":false,"template":"","format":"standard","meta":[],"categories":[3839,5951],"tags":[1961,6442,3362,6436],"_links":{"self":[{"href":"http:\/\/desarrollo.grupomedios.com\/futbol\/wp-json\/wp\/v2\/posts\/331263"}],"collection":[{"href":"http:\/\/desarrollo.grupomedios.com\/futbol\/wp-json\/wp\/v2\/posts"}],"about":[{"href":"http:\/\/desarrollo.grupomedios.com\/futbol\/wp-json\/wp\/v2\/types\/post"}],"author":[{"embeddable":true,"href":"http:\/\/desarrollo.grupomedios.com\/futbol\/wp-json\/wp\/v2\/users\/20"}],"replies":[{"embeddable":true,"href":"http:\/\/desarrollo.grupomedios.com\/futbol\/wp-json\/wp\/v2\/comments?post=331263"}],"version-history":[{"count":0,"href":"http:\/\/desarrollo.grupomedios.com\/futbol\/wp-json\/wp\/v2\/posts\/331263\/revisions"}],"wp:featuredmedia":[{"embeddable":true,"href":"http:\/\/desarrollo.grupomedios.com\/futbol\/wp-json\/wp\/v2\/media\/331266"}],"wp:attachment":[{"href":"http:\/\/desarrollo.grupomedios.com\/futbol\/wp-json\/wp\/v2\/media?parent=331263"}],"wp:term":[{"taxonomy":"category","embeddable":true,"href":"http:\/\/desarrollo.grupomedios.com\/futbol\/wp-json\/wp\/v2\/categories?post=331263"},{"taxonomy":"post_tag","embeddable":true,"href":"http:\/\/desarrollo.grupomedios.com\/futbol\/wp-json\/wp\/v2\/tags?post=331263"}],"curies":[{"name":"wp","href":"https:\/\/api.w.org\/{rel}","templated":true}]}}