{"id":331290,"date":"2015-11-05T15:46:13","date_gmt":"2015-11-05T20:46:13","guid":{"rendered":"http:\/\/futboltotal.com.mx\/?p=331290"},"modified":"2015-11-05T15:46:13","modified_gmt":"2015-11-05T20:46:13","slug":"los-equipos-responsables-del-exito-de-la-sub-17","status":"publish","type":"post","link":"http:\/\/desarrollo.grupomedios.com\/futbol\/futbol-mexicano\/seleccion-mexicana\/los-equipos-responsables-del-exito-de-la-sub-17\/2015\/11","title":{"rendered":"Los equipos responsables del \u00e9xito de la Sub-17"},"content":{"rendered":"<p>Sin duda,<strong>\u00a0M\u00e9xico<\/strong>\u00a0se ha erigido como una potencia a nivel de selecciones menores, especialmente en la categor\u00eda\u00a0<strong>Sub-17<\/strong>. En ese sentido, basta apuntar que\u00a0este jueves,\u00a0los peque\u00f1os grandes\u00a0<em>aztecas<\/em>\u00a0buscar\u00e1n llegar a una nueva Final del mundial de la especialidad, la cuarta en los \u00faltimos 10 a\u00f1os\u00a0(alcanz\u00f3 esa instancia en 2005, 2011 y 2013).<\/p>\n<p>El <em>Tri infantil<\/em>\u00a0dio el estir\u00f3n a nivel internacional\u00a0en\u00a02005, cuando,\u00a0comandados por Jes\u00fas Ram\u00edrez,\u00a0se obtuvo el primer campeonato mundial para un representativo nacional.\u00a0A partir de ah\u00ed, el trabajo dentro de las fuerzas b\u00e1sicas y divisiones inferiores de cada equipo fue fundamental para poder repetir dicha haza\u00f1a.<\/p>\n<p style=\"text-align: center;\"><strong><span style=\"color: #3366ff;\"><a style=\"color: #3366ff;\" href=\"http:\/\/futboltotal.com.mx\/2015\/11\/la-seleccion-mexicana-inicia-la-lucha-por-otro-mundial-sub-17\/\">LEER M\u00c1S: Los peque\u00f1os gigantes aztecas<\/a><\/span><\/strong><\/p>\n<p>A pesar de que hay que dar gracias a nombres de la talla de Mario Arteaga, Ra\u00fal Guti\u00e9rrez y el mismo <em>Chucho<\/em> Ram\u00edrez, hay que prestar especial atenci\u00f3n a los equipos que, con sus numerosas aportaciones, han colaborado con el surgir de la <strong>Selecci\u00f3n Mexicana<\/strong>\u00a0<strong>Sub-17.<\/strong><\/p>\n<p>Tomando como referencia los mundiales del 2005, 2011\u00a0y\u00a02013, justas\u00a0donde <strong>M\u00e9xico<\/strong>\u00a0lleg\u00f3 nasa oca Final, as\u00ed como el presente certamen que se disputa en Chile,\u00a0te presentamos la labor de los equipos que han colaborado con m\u00e1s de 10 elementos al representativo <strong>Sub-17<\/strong>.\u00a0Ellos son: las Chivas de Guadalajara, los <em>Tuzos<\/em> de Pachuca y los <em>Rojinegros<\/em> de Atlas.<\/p>\n<p><img decoding=\"async\" class=\"alwaysThinglink\" style=\"max-width: 100%;\" src=\"\/\/cdn.thinglink.me\/api\/image\/718879904589938690\/1024\/10\/scaletowidth#tl-718879904589938690;1043138249'\" alt=\"Los equipos responsables del \u00e9xito de la Sub-17 0\" \/><script src=\"\/\/cdn.thinglink.me\/jse\/embed.js\" async=\"\" charset=\"utf-8\"><\/script><\/p>\n","protected":false},"excerpt":{"rendered":"<p>Chivas, Pachuca y Atlas, culpables de la hegemon\u00eda azteca<\/p>\n","protected":false},"author":20,"featured_media":331336,"comment_status":"closed","ping_status":"closed","sticky":false,"template":"","format":"standard","meta":[],"categories":[3847,5950],"tags":[5961,70,5968,143],"_links":{"self":[{"href":"http:\/\/desarrollo.grupomedios.com\/futbol\/wp-json\/wp\/v2\/posts\/331290"}],"collection":[{"href":"http:\/\/desarrollo.grupomedios.com\/futbol\/wp-json\/wp\/v2\/posts"}],"about":[{"href":"http:\/\/desarrollo.grupomedios.com\/futbol\/wp-json\/wp\/v2\/types\/post"}],"author":[{"embeddable":true,"href":"http:\/\/desarrollo.grupomedios.com\/futbol\/wp-json\/wp\/v2\/users\/20"}],"replies":[{"embeddable":true,"href":"http:\/\/desarrollo.grupomedios.com\/futbol\/wp-json\/wp\/v2\/comments?post=331290"}],"version-history":[{"count":0,"href":"http:\/\/desarrollo.grupomedios.com\/futbol\/wp-json\/wp\/v2\/posts\/331290\/revisions"}],"wp:featuredmedia":[{"embeddable":true,"href":"http:\/\/desarrollo.grupomedios.com\/futbol\/wp-json\/wp\/v2\/media\/331336"}],"wp:attachment":[{"href":"http:\/\/desarrollo.grupomedios.com\/futbol\/wp-json\/wp\/v2\/media?parent=331290"}],"wp:term":[{"taxonomy":"category","embeddable":true,"href":"http:\/\/desarrollo.grupomedios.com\/futbol\/wp-json\/wp\/v2\/categories?post=331290"},{"taxonomy":"post_tag","embeddable":true,"href":"http:\/\/desarrollo.grupomedios.com\/futbol\/wp-json\/wp\/v2\/tags?post=331290"}],"curies":[{"name":"wp","href":"https:\/\/api.w.org\/{rel}","templated":true}]}}