{"id":331314,"date":"2015-11-05T12:33:22","date_gmt":"2015-11-05T17:33:22","guid":{"rendered":"http:\/\/futboltotal.com.mx\/?p=331314"},"modified":"2015-11-05T12:41:18","modified_gmt":"2015-11-05T17:41:18","slug":"ronaldinho-se-disfraza-de-policia-en-dubai","status":"publish","type":"post","link":"http:\/\/desarrollo.grupomedios.com\/futbol\/videos\/ronaldinho-se-disfraza-de-policia-en-dubai\/2015\/11","title":{"rendered":"Ronaldinho se convierte en polici\u00e1 de Dubai"},"content":{"rendered":"<p>&nbsp;<\/p>\n<p><iframe loading=\"lazy\" src=\"https:\/\/www.youtube.com\/embed\/3Ap9Ed9KQiY?feature=oembed\" frameborder=\"0\" allowfullscreen><\/iframe><\/p>\n<p><strong>Ronaldinho<\/strong> sigue en plena temporada s\u00e1batica tras salir del Fluminense hace pocom\u00e1s de un mes. El astro brasile\u00f1o no pierde el tiempo y en esta ocasi\u00f3n fue captado vestido de polic\u00eda durante el entrenamiento de un equipo juvenil en Dubai. El brasile\u00f1o apareci\u00f3 para interrumpir la sesi\u00f3n de fut-tenis con un silbatazo y decomis\u00f3 el esf\u00e9rico; apenas lo tuvo en manos comenz\u00f3 a dominarlo con maestr\u00eda, por los que los chicos se abalanzaron para quitarle el disfraz y descubrir su identidad. Despu\u00e9s de la lluvia de sonrisas, <em>Dinho<\/em> termin\u00f3 ech\u00e1ndose una cascarita y posando para la foto del recuerdo.<\/p>\n","protected":false},"excerpt":{"rendered":"<p>El crack brasile\u00f1o interrumpe un entrenamiento y sorprende a j\u00f3venes dominando el bal\u00f3n<\/p>\n","protected":false},"author":20,"featured_media":331321,"comment_status":"closed","ping_status":"closed","sticky":false,"template":"","format":"standard","meta":[],"categories":[3839,4],"tags":[5997],"_links":{"self":[{"href":"http:\/\/desarrollo.grupomedios.com\/futbol\/wp-json\/wp\/v2\/posts\/331314"}],"collection":[{"href":"http:\/\/desarrollo.grupomedios.com\/futbol\/wp-json\/wp\/v2\/posts"}],"about":[{"href":"http:\/\/desarrollo.grupomedios.com\/futbol\/wp-json\/wp\/v2\/types\/post"}],"author":[{"embeddable":true,"href":"http:\/\/desarrollo.grupomedios.com\/futbol\/wp-json\/wp\/v2\/users\/20"}],"replies":[{"embeddable":true,"href":"http:\/\/desarrollo.grupomedios.com\/futbol\/wp-json\/wp\/v2\/comments?post=331314"}],"version-history":[{"count":0,"href":"http:\/\/desarrollo.grupomedios.com\/futbol\/wp-json\/wp\/v2\/posts\/331314\/revisions"}],"wp:featuredmedia":[{"embeddable":true,"href":"http:\/\/desarrollo.grupomedios.com\/futbol\/wp-json\/wp\/v2\/media\/331321"}],"wp:attachment":[{"href":"http:\/\/desarrollo.grupomedios.com\/futbol\/wp-json\/wp\/v2\/media?parent=331314"}],"wp:term":[{"taxonomy":"category","embeddable":true,"href":"http:\/\/desarrollo.grupomedios.com\/futbol\/wp-json\/wp\/v2\/categories?post=331314"},{"taxonomy":"post_tag","embeddable":true,"href":"http:\/\/desarrollo.grupomedios.com\/futbol\/wp-json\/wp\/v2\/tags?post=331314"}],"curies":[{"name":"wp","href":"https:\/\/api.w.org\/{rel}","templated":true}]}}