{"id":331402,"date":"2015-11-05T18:09:34","date_gmt":"2015-11-05T23:09:34","guid":{"rendered":"http:\/\/futboltotal.com.mx\/?p=331402"},"modified":"2015-11-05T18:10:37","modified_gmt":"2015-11-05T23:10:37","slug":"honduras-revela-convocados-ante-selecion-mexicana","status":"publish","type":"post","link":"http:\/\/desarrollo.grupomedios.com\/futbol\/futbol-internacional\/honduras-revela-convocados-ante-selecion-mexicana\/2015\/11","title":{"rendered":"Honduras define convocados ante M\u00e9xico"},"content":{"rendered":"<p>El director t\u00e9cnico <strong>Jorge Luis Pinto<\/strong> dio a conocer la convocatoria de <strong>Honduras<\/strong> para la primera fecha de las eliminatorias mundialistas rumbo a Rusia 2018, en la que enfrentar\u00e1n a Canad\u00e1 y M\u00e9xico, el proximo 13 y 17 de noviembre.<\/p>\n<p>En el listado destaca la ausencia del centrocampista Alfredo Mej\u00eda, habitual en las \u00faltimas convocatorias, y quien estar\u00e1 ausente debido a que no tiene en regla su visa canadiense. A cambio, el estratega dio oportunidad por primera vez a Oliver Moraz\u00e1n y Arnold Peralta (Olimpia).<\/p>\n<p style=\"text-align: center;\"><span style=\"color: #3366ff;\"><a style=\"color: #3366ff;\" href=\"http:\/\/futboltotal.com.mx\/2015\/11\/oficial-convocatoria-de-la-seleccion-mexicana\/\"><strong>LEER M\u00c1S: Osorio da primera convocatoria de M\u00e9xico<\/strong> <\/a><\/span><\/p>\n<p>Pinto eligi\u00f3 una oncena de elementos que militan en el extranjero en la cual resaltan los nombres de Bryan Beckeles (Necaxa), as\u00ed como Jhonny Lever\u00f3n y Rubilio Castillo (Correcaminos), que juegan en el Ascenso MX.<\/p>\n<p>Honduras se concentrar\u00e1 a partir de la noche del s\u00e1bado y tendr\u00e1 cuatro d\u00edas para entrenar antes de emprender el vuelo a Vancouver, donde el pr\u00f3ximo viernes enfrenta a Canad\u00e1. Posteriormente regresar\u00e1 a territorio <em>catracho<\/em> y entrenar\u00e1 de lleno para el partido ante M\u00e9xico, que ser\u00e1 el martes 17 en San Pedro Sula.<\/p>\n<p>Esta es la lista de 23 convcoados de Honduras<\/p>\n<p>Porteros: Noel Valladares y\u00a0Donis Escober (Olimpia)<\/p>\n<p>Defensas: Brayan Beckeles (Necaxa), Emilio Izaguirre (Celtic), Ever Alvarado(Olimpia), Johnny Palacios (Olimpia), Jos\u00e9 Vel\u00e1squez Col\u00f3n (Victoria), Jhonny Lever\u00f3n (Correcaminos), Maynor Figueroa (Colorado Rapids) y Wilmer Crisanto (Motagua).<\/p>\n<p>Mediocampistas:\u00a0Arnold Peralta (Olimpia),\u00a0Carlos Discua (Alajuelense), Boniek Garc\u00eda (Houston Dynamo),\u00a0Bryan Acosta (Real Espa\u00f1a), Luis Garrido (Houston Dynamo, MLS), Mario Mart\u00ednez (ENPPI), Oliver Moraz\u00e1n (Olimpia) y Romell Quioto (Olimpia).<\/p>\n<p>Delanteros: \u00c1ngel Tejeda(Honduras Progreso), Choco Lozano (Tenerife), Erick Andino (Motagua), Jerry Bengtson (Pers\u00e9polis) y Rubilio Castillo (Correcaminos).<\/p>\n","protected":false},"excerpt":{"rendered":"<p>El director t\u00e9cnico Jorge Luis Pinto consider\u00f3 a tres jugadores que militan en el Ascenso MX<\/p>\n","protected":false},"author":20,"featured_media":331417,"comment_status":"closed","ping_status":"closed","sticky":false,"template":"","format":"standard","meta":[],"categories":[3839,5951],"tags":[6446,6447,800],"_links":{"self":[{"href":"http:\/\/desarrollo.grupomedios.com\/futbol\/wp-json\/wp\/v2\/posts\/331402"}],"collection":[{"href":"http:\/\/desarrollo.grupomedios.com\/futbol\/wp-json\/wp\/v2\/posts"}],"about":[{"href":"http:\/\/desarrollo.grupomedios.com\/futbol\/wp-json\/wp\/v2\/types\/post"}],"author":[{"embeddable":true,"href":"http:\/\/desarrollo.grupomedios.com\/futbol\/wp-json\/wp\/v2\/users\/20"}],"replies":[{"embeddable":true,"href":"http:\/\/desarrollo.grupomedios.com\/futbol\/wp-json\/wp\/v2\/comments?post=331402"}],"version-history":[{"count":0,"href":"http:\/\/desarrollo.grupomedios.com\/futbol\/wp-json\/wp\/v2\/posts\/331402\/revisions"}],"wp:featuredmedia":[{"embeddable":true,"href":"http:\/\/desarrollo.grupomedios.com\/futbol\/wp-json\/wp\/v2\/media\/331417"}],"wp:attachment":[{"href":"http:\/\/desarrollo.grupomedios.com\/futbol\/wp-json\/wp\/v2\/media?parent=331402"}],"wp:term":[{"taxonomy":"category","embeddable":true,"href":"http:\/\/desarrollo.grupomedios.com\/futbol\/wp-json\/wp\/v2\/categories?post=331402"},{"taxonomy":"post_tag","embeddable":true,"href":"http:\/\/desarrollo.grupomedios.com\/futbol\/wp-json\/wp\/v2\/tags?post=331402"}],"curies":[{"name":"wp","href":"https:\/\/api.w.org\/{rel}","templated":true}]}}