{"id":331623,"date":"2015-11-06T13:57:13","date_gmt":"2015-11-06T18:57:13","guid":{"rendered":"http:\/\/futboltotal.com.mx\/?p=331623"},"modified":"2015-11-06T13:57:13","modified_gmt":"2015-11-06T18:57:13","slug":"belgica-y-su-historico-primer-lugar-en-fifa","status":"publish","type":"post","link":"http:\/\/desarrollo.grupomedios.com\/futbol\/futbol-internacional\/belgica-y-su-historico-primer-lugar-en-fifa\/2015\/11","title":{"rendered":"B\u00e9lgica y su hist\u00f3rico primer lugar en FIFA"},"content":{"rendered":"<p>El crecimiento y la calidad que ha mostrado <strong>B\u00e9lgica<\/strong> durante mucho tiempo ha rendido frutos, al menos en la clasificaci\u00f3n mundial de la <strong>FIFA<\/strong>, al ubicarlos en el <strong>primer lugar<\/strong> de la lista; un sitio insospechado para dicha naci\u00f3n.<\/p>\n<p>Es la primera vez en su historia, que los \u201cDiablos Rojos\u201d lideran la clasificaci\u00f3n; lugar que siempre era ocupado por selecciones de la talla de Brasil, Argentina, Alemania, Italia o Espa\u00f1a.<\/p>\n<p>Ahora, por el nivel de sus jugadores, adem\u00e1s de su juventud, y sus buenos resultados en la eliminatoria mundialista pasada, el Mundial de Brasil 2014, y su clasificaci\u00f3n a la Eurocopa en Francia, ha hecho que <strong>B\u00e9lgica<\/strong> ascendiera poco a poco hasta ocupar el primer sitio<\/p>\n<p style=\"text-align: center;\"><strong><span style=\"color: #3366ff;\"><a style=\"color: #3366ff;\" href=\"http:\/\/futboltotal.com.mx\/2015\/11\/mexico-sube-tres-lugares-en-el-ranking-fifa\/\">LEER M\u00c1S: M\u00e9xico sube tres lugares en el ranking FIFA<\/a><\/span><\/strong><\/p>\n<p>Con este primer sitio, <strong>B\u00e9lgica<\/strong> se quita la malaria de los lugares secundarios, ocupados desde el a\u00f1o pasado. Desde la lista realizada en julio del 2014, y hasta septiembre del mismo a\u00f1o ocupo el quinto escal\u00f3n; ascendi\u00f3 a la cuarta posici\u00f3n en octubre, y no la solt\u00f3 hasta abril del presente a\u00f1o donde se ubico en el tercer lugar.<\/p>\n<p>Fue entonces cuando estuvo coqueteando con el primer sitio durante varios meses, ya que en las listas de abril, mayo, julio y octubre ocupo el tercer lugar, mientras que en junio, agosto y septiembre logro el segundo sitio.<\/p>\n<p>Ahora, habr\u00e1 que esperar el desarrollo de las eliminatorias europeas, y el papel de <strong>B\u00e9lgica<\/strong> en la Eurocopa en el 2016, ya que, todo parece indicar que no dejaran escapar este primer lugar en muchos meses.<\/p>\n","protected":false},"excerpt":{"rendered":"<p>Los Diablos Rojos ya hab\u00edan coqueteado con el primer sitio durante meses<\/p>\n","protected":false},"author":20,"featured_media":331624,"comment_status":"closed","ping_status":"closed","sticky":false,"template":"","format":"standard","meta":[],"categories":[3839,5951],"tags":[599,6452,361],"_links":{"self":[{"href":"http:\/\/desarrollo.grupomedios.com\/futbol\/wp-json\/wp\/v2\/posts\/331623"}],"collection":[{"href":"http:\/\/desarrollo.grupomedios.com\/futbol\/wp-json\/wp\/v2\/posts"}],"about":[{"href":"http:\/\/desarrollo.grupomedios.com\/futbol\/wp-json\/wp\/v2\/types\/post"}],"author":[{"embeddable":true,"href":"http:\/\/desarrollo.grupomedios.com\/futbol\/wp-json\/wp\/v2\/users\/20"}],"replies":[{"embeddable":true,"href":"http:\/\/desarrollo.grupomedios.com\/futbol\/wp-json\/wp\/v2\/comments?post=331623"}],"version-history":[{"count":0,"href":"http:\/\/desarrollo.grupomedios.com\/futbol\/wp-json\/wp\/v2\/posts\/331623\/revisions"}],"wp:featuredmedia":[{"embeddable":true,"href":"http:\/\/desarrollo.grupomedios.com\/futbol\/wp-json\/wp\/v2\/media\/331624"}],"wp:attachment":[{"href":"http:\/\/desarrollo.grupomedios.com\/futbol\/wp-json\/wp\/v2\/media?parent=331623"}],"wp:term":[{"taxonomy":"category","embeddable":true,"href":"http:\/\/desarrollo.grupomedios.com\/futbol\/wp-json\/wp\/v2\/categories?post=331623"},{"taxonomy":"post_tag","embeddable":true,"href":"http:\/\/desarrollo.grupomedios.com\/futbol\/wp-json\/wp\/v2\/tags?post=331623"}],"curies":[{"name":"wp","href":"https:\/\/api.w.org\/{rel}","templated":true}]}}