{"id":331885,"date":"2015-11-08T09:19:19","date_gmt":"2015-11-08T14:19:19","guid":{"rendered":"http:\/\/futboltotal.com.mx\/?p=331885"},"modified":"2015-11-10T17:28:15","modified_gmt":"2015-11-10T22:28:15","slug":"futbolistas-parecidos-a-personajes-de-peliculas","status":"publish","type":"post","link":"http:\/\/desarrollo.grupomedios.com\/futbol\/videos\/futbolistas-parecidos-a-personajes-de-peliculas\/2015\/11","title":{"rendered":"Futbolistas parecidos a personajes de pel\u00edculas"},"content":{"rendered":"<p>Este domingo 8 de noviembre, se conmemora el natalicio de <strong>Bram Stoker<\/strong>, un novelista irland\u00e9s que pas\u00f3 a la historia por crear a uno de los personajes con mayor legado en la historia de la literatura y el cine: <strong>Dr\u00e1cula<\/strong>. El personaje creado por Abraham ha sido la fuente de inspiraci\u00f3n para m\u00faltiples obras escritas y del s\u00e9ptimo arte, por ello en <strong>Futbol Total<\/strong>, le hacemos homenaje con algunos futbolistas parecidos a personajes del cine. \u00bfFalt\u00f3 alguno, <em>cracks<\/em>?<\/p>\n<p style=\"text-align: center;\"><span style=\"color: #3366ff;\"><strong><a style=\"color: #3366ff;\" href=\"http:\/\/futboltotal.com.mx\/2015\/10\/wayne-rooney-y-otros-futbolistas-con-su-copia-en-caricatura\/\" target=\"_blank\">LEER M\u00c1S: Futbolistas parecidos a caricaturas <\/a><\/strong><\/span><\/p>\n<p>[video_player]https:\/\/player.vimeo.com\/external\/144933698.sd.mp4?s=ccbdb24b2b3b6ebd058a810464f216ff4ebbce85&amp;profile_id=112[\/video_player]<\/p>\n","protected":false},"excerpt":{"rendered":"<p>En aniversario del creador de Dr\u00e1cula, presentamos jugadores con caracter\u00edsticas peculiares<\/p>\n","protected":false},"author":20,"featured_media":331893,"comment_status":"closed","ping_status":"closed","sticky":false,"template":"","format":"standard","meta":[],"categories":[5419,6384,4],"tags":[5665,5824],"_links":{"self":[{"href":"http:\/\/desarrollo.grupomedios.com\/futbol\/wp-json\/wp\/v2\/posts\/331885"}],"collection":[{"href":"http:\/\/desarrollo.grupomedios.com\/futbol\/wp-json\/wp\/v2\/posts"}],"about":[{"href":"http:\/\/desarrollo.grupomedios.com\/futbol\/wp-json\/wp\/v2\/types\/post"}],"author":[{"embeddable":true,"href":"http:\/\/desarrollo.grupomedios.com\/futbol\/wp-json\/wp\/v2\/users\/20"}],"replies":[{"embeddable":true,"href":"http:\/\/desarrollo.grupomedios.com\/futbol\/wp-json\/wp\/v2\/comments?post=331885"}],"version-history":[{"count":0,"href":"http:\/\/desarrollo.grupomedios.com\/futbol\/wp-json\/wp\/v2\/posts\/331885\/revisions"}],"wp:featuredmedia":[{"embeddable":true,"href":"http:\/\/desarrollo.grupomedios.com\/futbol\/wp-json\/wp\/v2\/media\/331893"}],"wp:attachment":[{"href":"http:\/\/desarrollo.grupomedios.com\/futbol\/wp-json\/wp\/v2\/media?parent=331885"}],"wp:term":[{"taxonomy":"category","embeddable":true,"href":"http:\/\/desarrollo.grupomedios.com\/futbol\/wp-json\/wp\/v2\/categories?post=331885"},{"taxonomy":"post_tag","embeddable":true,"href":"http:\/\/desarrollo.grupomedios.com\/futbol\/wp-json\/wp\/v2\/tags?post=331885"}],"curies":[{"name":"wp","href":"https:\/\/api.w.org\/{rel}","templated":true}]}}