{"id":331898,"date":"2015-11-07T09:28:19","date_gmt":"2015-11-07T14:28:19","guid":{"rendered":"http:\/\/futboltotal.com.mx\/?p=331898"},"modified":"2015-11-07T16:08:21","modified_gmt":"2015-11-07T21:08:21","slug":"james-convocado-con-colombia","status":"publish","type":"post","link":"http:\/\/desarrollo.grupomedios.com\/futbol\/futbol-internacional\/james-convocado-con-colombia\/2015\/11","title":{"rendered":"James convocado con Colombia"},"content":{"rendered":"<p>Jos\u00e9 N\u00e9stor P\u00e9kerman, t\u00e9cnico de la selecci\u00f3n de <strong>Colombia<\/strong>, convoc\u00f3 al jugador del <strong>Real Madrid James Rodr\u00edguez<\/strong> para los duelos de eliminatoria mundialista de Conmebol ante Chile y Argentina.<\/p>\n<p>El mediocampista de 24 a\u00f1os tendr\u00e1 actividad en la \u00faltima Fecha FIFA del a\u00f1o, despu\u00e9s de hacer superado una rotura muscular en el muslo izquierdo sufrida ante Per\u00fa.<\/p>\n<p>Una de las sorpresas dentro de la lista de P\u00e9kerman fue la ausencia del delantero del Chelsea Radamel Falcao, quien junto con su club no atraviesa un buen momento, y qued\u00f3 descartado tras lesionarse el pasado fin de semana.<\/p>\n<p>Colombia visitar\u00e1 a Chile el martes 12 de noviembre y cinco d\u00edas despu\u00e9s recibir\u00e1 en Barranquilla a su similar de Argentina.<\/p>\n<p>Junto a James Rodr\u00edguez Rubio, los 26 convocados fueron los porteros David Ospina, Camilo Vargas y Cristian Bonilla; los defensas Cristian Zapata, Jeison Murillo, Johan Mojica, Bernardo Espinosa, Santiago Arias, Helibelton Palacios, Francisco Meza y Frank Fabra.<\/p>\n<p>Tambi\u00e9n fueron requeridos los centrocampistas Fredy Guar\u00edn, Carlos Carbonero, Carlos S\u00e1nchez, Juan Quintero, Edwin Cardona, Macnelly Torres, Daniel Torres y Alexander Mej\u00eda; as\u00ed como los atacantes Carlos Bacca, Luis Muriel, Teofilo Guti\u00e9rrez, Jackson Mart\u00ednez, Adri\u00e1n Ramos y Felipe Pardo.<\/p>\n<p style=\"text-align: center;\"><strong><span style=\"color: #3366ff;\"><a style=\"color: #3366ff;\" href=\"http:\/\/futboltotal.com.mx\/futbol-internacional\/\">LEER M\u00c1S: Todas las noticias de futbol internacional<\/a><\/span><\/strong><\/p>\n","protected":false},"excerpt":{"rendered":"<p>En la lista de P\u00e9kerman para enfrentar a Chile y Argentina no fue considerado Falcao<\/p>\n","protected":false},"author":20,"featured_media":331899,"comment_status":"closed","ping_status":"closed","sticky":false,"template":"","format":"standard","meta":[],"categories":[3839,5951],"tags":[6005,6454,6082,652],"_links":{"self":[{"href":"http:\/\/desarrollo.grupomedios.com\/futbol\/wp-json\/wp\/v2\/posts\/331898"}],"collection":[{"href":"http:\/\/desarrollo.grupomedios.com\/futbol\/wp-json\/wp\/v2\/posts"}],"about":[{"href":"http:\/\/desarrollo.grupomedios.com\/futbol\/wp-json\/wp\/v2\/types\/post"}],"author":[{"embeddable":true,"href":"http:\/\/desarrollo.grupomedios.com\/futbol\/wp-json\/wp\/v2\/users\/20"}],"replies":[{"embeddable":true,"href":"http:\/\/desarrollo.grupomedios.com\/futbol\/wp-json\/wp\/v2\/comments?post=331898"}],"version-history":[{"count":0,"href":"http:\/\/desarrollo.grupomedios.com\/futbol\/wp-json\/wp\/v2\/posts\/331898\/revisions"}],"wp:featuredmedia":[{"embeddable":true,"href":"http:\/\/desarrollo.grupomedios.com\/futbol\/wp-json\/wp\/v2\/media\/331899"}],"wp:attachment":[{"href":"http:\/\/desarrollo.grupomedios.com\/futbol\/wp-json\/wp\/v2\/media?parent=331898"}],"wp:term":[{"taxonomy":"category","embeddable":true,"href":"http:\/\/desarrollo.grupomedios.com\/futbol\/wp-json\/wp\/v2\/categories?post=331898"},{"taxonomy":"post_tag","embeddable":true,"href":"http:\/\/desarrollo.grupomedios.com\/futbol\/wp-json\/wp\/v2\/tags?post=331898"}],"curies":[{"name":"wp","href":"https:\/\/api.w.org\/{rel}","templated":true}]}}