{"id":332041,"date":"2015-11-07T19:27:18","date_gmt":"2015-11-08T00:27:18","guid":{"rendered":"http:\/\/futboltotal.com.mx\/?p=332041"},"modified":"2015-11-07T19:30:27","modified_gmt":"2015-11-08T00:30:27","slug":"premio-nacional-del-deporte-motiva-a-gustavo-ayon","status":"publish","type":"post","link":"http:\/\/desarrollo.grupomedios.com\/futbol\/no-todo-es-futbol\/premio-nacional-del-deporte-motiva-a-gustavo-ayon\/2015\/11","title":{"rendered":"Premio Nacional del Deporte motiva a Gustavo Ay\u00f3n"},"content":{"rendered":"<p>El basquetbolista del Real Madrid y de la Selecci\u00f3n Mexicana, <strong>Gustavo Ay\u00f3n<\/strong>, se siente orgulloso y motivado por recibir el <strong>Premio Nacional del Deporte 2015<\/strong>, por su labor como atleta, representando a M\u00e9xico a nivel internacional.<\/p>\n<p>&#8220;Es un orgullo recibir este premio. En M\u00e9xico es un galard\u00f3n muy importante. Este premio es una motivaci\u00f3n m\u00e1s para seguir trabajando y mejorando&#8221;, explic\u00f3 <strong>Gustavo Ay\u00f3n<\/strong>.<\/p>\n<p>El jugador de baloncesto agradece a su familia, a quien le dedica especialmente el <strong>Premio Nacional del Deporte<\/strong>, adem\u00e1s, tambi\u00e9n incluye a sus compa\u00f1eros del Real Madrid, pues ha compartido muchas cosas con ellos.<\/p>\n<p style=\"text-align: center;\"><span style=\"color: #3366ff;\"><strong><a style=\"color: #3366ff;\" href=\"http:\/\/futboltotal.com.mx\/2015\/11\/paola-espinosa-inconforme-por-premio-nacional-del-deporte\/\" target=\"_blank\">LEER M\u00c1S: Paola Espinosa, inconforme por Premio Nacional del Deporte<\/a><\/strong><\/span><\/p>\n<p>&#8220;Quiero compartirlo con mi hijo, mi familia y mis compa\u00f1eros del Real Madrid, con los que se lograron tantas cosas en 2015, y los de la selecci\u00f3n&#8221;, agreg\u00f3 <strong>Gustavo Ay\u00f3n<\/strong>.<\/p>\n<p>El mexicano ha tenido una temporada de ensue\u00f1o con el Real Madrid, club donde se ha ganado un lugar y con el que ha tomado un protagonismo importante, y aunque con la selecci\u00f3n no pudo conseguir el boleto directo a los Juegos Ol\u00edmpicos de R\u00edo de Janeiro 2016, <strong>Gustavo Ay\u00f3n<\/strong> a\u00fan tiene la oportunidad de competir en Brasil, cuando participe en el repechaje preol\u00edmpico, por los \u00faltimos boletos a la justa.<\/p>\n","protected":false},"excerpt":{"rendered":"<p>El basquetbolista mexicano est\u00e1 contento por recibir el galard\u00f3n<\/p>\n","protected":false},"author":20,"featured_media":332045,"comment_status":"closed","ping_status":"closed","sticky":false,"template":"","format":"standard","meta":[],"categories":[5814,5418],"tags":[6208,5771],"_links":{"self":[{"href":"http:\/\/desarrollo.grupomedios.com\/futbol\/wp-json\/wp\/v2\/posts\/332041"}],"collection":[{"href":"http:\/\/desarrollo.grupomedios.com\/futbol\/wp-json\/wp\/v2\/posts"}],"about":[{"href":"http:\/\/desarrollo.grupomedios.com\/futbol\/wp-json\/wp\/v2\/types\/post"}],"author":[{"embeddable":true,"href":"http:\/\/desarrollo.grupomedios.com\/futbol\/wp-json\/wp\/v2\/users\/20"}],"replies":[{"embeddable":true,"href":"http:\/\/desarrollo.grupomedios.com\/futbol\/wp-json\/wp\/v2\/comments?post=332041"}],"version-history":[{"count":0,"href":"http:\/\/desarrollo.grupomedios.com\/futbol\/wp-json\/wp\/v2\/posts\/332041\/revisions"}],"wp:featuredmedia":[{"embeddable":true,"href":"http:\/\/desarrollo.grupomedios.com\/futbol\/wp-json\/wp\/v2\/media\/332045"}],"wp:attachment":[{"href":"http:\/\/desarrollo.grupomedios.com\/futbol\/wp-json\/wp\/v2\/media?parent=332041"}],"wp:term":[{"taxonomy":"category","embeddable":true,"href":"http:\/\/desarrollo.grupomedios.com\/futbol\/wp-json\/wp\/v2\/categories?post=332041"},{"taxonomy":"post_tag","embeddable":true,"href":"http:\/\/desarrollo.grupomedios.com\/futbol\/wp-json\/wp\/v2\/tags?post=332041"}],"curies":[{"name":"wp","href":"https:\/\/api.w.org\/{rel}","templated":true}]}}