{"id":332393,"date":"2015-11-08T16:37:06","date_gmt":"2015-11-08T21:37:06","guid":{"rendered":"http:\/\/futboltotal.com.mx\/?p=332393"},"modified":"2015-11-10T17:30:12","modified_gmt":"2015-11-10T22:30:12","slug":"sergio-ramos-emula-chilenas-de-hugo-sanchez-con-real-madrid","status":"publish","type":"post","link":"http:\/\/desarrollo.grupomedios.com\/futbol\/videos\/sergio-ramos-emula-chilenas-de-hugo-sanchez-con-real-madrid\/2015\/11","title":{"rendered":"Ramos emula chilena de Hugo S\u00e1nchez con el Madrid"},"content":{"rendered":"<p>Real Madrid ten\u00eda una complicada visita en el campo del Sevilla pero todo parec\u00eda encaminado con el gol fant\u00e1stico de Sergio Ramos, una chilena de leyenda del capit\u00e1n <em>merengue<\/em> que abri\u00f3 el marcador y record\u00f3 por un momento a las piruetas que Hugo S\u00e1nchez patent\u00f3 por el siglo pasado.<\/p>\n<p><iframe loading=\"lazy\" src=\"https:\/\/www.youtube.com\/embed\/q7Bjx21X6To\" frameborder=\"0\" allowfullscreen=\"allowfullscreen\"><\/iframe><\/p>\n<p>Lamentablemente por la acrobacia, Sergio Ramos tuvo que ser atendido despu\u00e9s de marcar el 0-1 para el Real Madrid. El central se doli\u00f3 en la zona del hombro izquierdo y la clav\u00edcula cuando golpe\u00f3 con el suelo. Instantes despu\u00e9s estaba de nuevo sobre el c\u00e9sped, pero en el minuto 31 fue sustituido por Varane. Se desconoce por el momento el alcance de la lesi\u00f3n a la espera de las primeras pruebas, pero podr\u00eda comprometer su presencia con la Selecci\u00f3n espa\u00f1ola para los pr\u00f3ximos encuentros internacionales.<\/p>\n<p>El mundialista espa\u00f1ol arrastra problemas en el hombro desde principios de temporada: ten\u00eda una luxaci\u00f3n que le oblig\u00f3 a ser baja frente al Granada, el Athletic y el M\u00e1laga. Forz\u00f3 para volver frente al Atl\u00e9tico por las bajas en la defensa del Madrid, pero no pudo acudir a la anterior concentraci\u00f3n de la Selecci\u00f3n y despu\u00e9s se ha perdido m\u00e1s encuentros y podr\u00eda ser baja para el cl\u00e1sico ante Barcelona del pr\u00f3ximo 21 de noviembre.<\/p>\n<p style=\"text-align: center;\"><strong><span style=\"color: #3366ff;\"><a style=\"color: #3366ff;\" href=\"http:\/\/futboltotal.com.mx\/2015\/11\/neymar-provoca-que-barcelona-ni-se-acuerde-de-messi\/\">LEER M\u00c1S: Golazo fant\u00e1stico de Neymar con Barcelona. <\/a><\/span><\/strong><\/p>\n","protected":false},"excerpt":{"rendered":"<p>El capit\u00e1n merengue realiz\u00f3 un golazo y sali\u00f3 lesionado por la acci\u00f3n <\/p>\n","protected":false},"author":20,"featured_media":332434,"comment_status":"closed","ping_status":"closed","sticky":false,"template":"","format":"standard","meta":[],"categories":[3839,3844,6382,4],"tags":[448,5988,6020],"_links":{"self":[{"href":"http:\/\/desarrollo.grupomedios.com\/futbol\/wp-json\/wp\/v2\/posts\/332393"}],"collection":[{"href":"http:\/\/desarrollo.grupomedios.com\/futbol\/wp-json\/wp\/v2\/posts"}],"about":[{"href":"http:\/\/desarrollo.grupomedios.com\/futbol\/wp-json\/wp\/v2\/types\/post"}],"author":[{"embeddable":true,"href":"http:\/\/desarrollo.grupomedios.com\/futbol\/wp-json\/wp\/v2\/users\/20"}],"replies":[{"embeddable":true,"href":"http:\/\/desarrollo.grupomedios.com\/futbol\/wp-json\/wp\/v2\/comments?post=332393"}],"version-history":[{"count":0,"href":"http:\/\/desarrollo.grupomedios.com\/futbol\/wp-json\/wp\/v2\/posts\/332393\/revisions"}],"wp:featuredmedia":[{"embeddable":true,"href":"http:\/\/desarrollo.grupomedios.com\/futbol\/wp-json\/wp\/v2\/media\/332434"}],"wp:attachment":[{"href":"http:\/\/desarrollo.grupomedios.com\/futbol\/wp-json\/wp\/v2\/media?parent=332393"}],"wp:term":[{"taxonomy":"category","embeddable":true,"href":"http:\/\/desarrollo.grupomedios.com\/futbol\/wp-json\/wp\/v2\/categories?post=332393"},{"taxonomy":"post_tag","embeddable":true,"href":"http:\/\/desarrollo.grupomedios.com\/futbol\/wp-json\/wp\/v2\/tags?post=332393"}],"curies":[{"name":"wp","href":"https:\/\/api.w.org\/{rel}","templated":true}]}}