{"id":332542,"date":"2015-11-08T20:40:45","date_gmt":"2015-11-09T01:40:45","guid":{"rendered":"http:\/\/futboltotal.com.mx\/?p=332542"},"modified":"2015-11-08T20:40:45","modified_gmt":"2015-11-09T01:40:45","slug":"goleo-individual-apertura-2015-tito-villa-manda","status":"publish","type":"post","link":"http:\/\/desarrollo.grupomedios.com\/futbol\/futbol-mexicano\/goleo-individual-apertura-2015-tito-villa-manda\/2015\/11","title":{"rendered":"Goleo individual | Apertura 2015 | Tito Villa, manda"},"content":{"rendered":"<p>El delantero argentino -naturalizado mexicano- <strong>Emanuel Villa<\/strong>, jugador de los <a href=\"http:\/\/futboltotal.com.mx\/equipos\/queretaro\/\"><em>Gallos Blancos<\/em>\u00a0del\u00a0<strong>Quer\u00e9taro<\/strong><\/a>, se mantiene en la cima de la <strong>tabla de goleo individual<\/strong> del <strong>Apertura 2015<\/strong>, con 13 goles.<\/p>\n<p><a href=\"http:\/\/futboltotal.com.mx\/wp-content\/uploads\/2015\/11\/tabla_de_goleo_individual_apertura_2015.jpg\"><img decoding=\"async\" loading=\"lazy\" class=\"aligncenter size-full wp-image-332546\" src=\"http:\/\/futboltotal.com.mx\/wp-content\/uploads\/2015\/11\/tabla_de_goleo_individual_apertura_2015.jpg\" alt=\"tabla_de_goleo_individual_apertura_2015\" srcset=\"http:\/\/desarrollo.grupomedios.com\/futbol\/wp-content\/uploads\/2015\/11\/tabla_de_goleo_individual_apertura_2015.jpg 800w, http:\/\/desarrollo.grupomedios.com\/futbol\/wp-content\/uploads\/2015\/11\/tabla_de_goleo_individual_apertura_2015-300x174.jpg 300w\" sizes=\"(max-width: 800px) 100vw, 800px\" \/><\/a><\/p>\n<p>&nbsp;<\/p>\n<p>A\u00fan queda sin definir qui\u00e9n se llevar\u00e1 el t\u00edtulo de <strong>goleo individual<\/strong> del <strong>Apertura 2015<\/strong> de la Liga MX, lo que se decidir\u00e1 hasta la jornada\u00a017.<\/p>\n<p><em>Tito<\/em> Villa marc\u00f3 en la derrota de 1-2 de los <em>Gallos Blancos<\/em> en su visita a los Pumas de la UNAM de este domingo, con lo que ampli\u00f3 a dos la ventaja sobre sus m\u00e1s cercanos perseguidores, que le siguen con 11 anotaciones cada uno.<\/p>\n<p style=\"text-align: center;\"><span style=\"color: #3366ff;\"><strong><a style=\"color: #3366ff;\" href=\"http:\/\/futboltotal.com.mx\/2015\/11\/resultado-liga-mx-pumas-2-1-queretaro-liga-mx\/\">LEER M\u00c1S: \u00a1Pumas, ruge en la cima del Apertura 2015!<\/a><\/strong><\/span><\/p>\n<p>Ellos son los argentinos Mauro Boselli, de los <em>Esmeraldas<\/em> del Le\u00f3n, y Rogelio Funes Mori, de <em>Rayados<\/em> de Monterrey, as\u00ed como del franc\u00e9s Andr\u00e9-Pierre Gignac, de los Tigres, quienes tambi\u00e9n aspiran al cetro de m\u00e1ximo goleador del certamen.<\/p>\n<p>De la misma manera, el tambi\u00e9n argentino\u00a0Silvio Romero, de <em>Jaguares<\/em> de Chiapas; Omar Bravo, de las Chivas de Guadalajara; y el colombiano Edwin Cardona, de <em>Rayados<\/em>, tambi\u00e9n tienen aspiraciones con sus 10 tantos cada uno.<\/p>\n<p style=\"text-align: center;\"><span style=\"color: #3366ff;\"><strong><a style=\"color: #3366ff;\" href=\"http:\/\/futboltotal.com.mx\/estadisticas\/estadisticas-liga-mx\/\">VER M\u00c1S: Tabla general del Apertura 2015 de la Liga MX<\/a><\/strong><\/span><\/p>\n<p style=\"text-align: left;\">Todo parece indicar que\u00a0el\u00a0campe\u00f3n de <strong>goleo individual<\/strong> ser\u00e1 un jugador extranjero, aunque en el caso de <strong>Omar Bravo<\/strong>, el delantero mexicano mejor colocado, cabe destacar que le restan dos partidos por disputar, el pr\u00f3ximo mi\u00e9rcoles ante el Atlas (duelo pendiente) y el domingo 22 de noviembre contra Santos.<\/p>\n","protected":false},"excerpt":{"rendered":"<p>El delantero de Quer\u00e9taro se mantiene en la cima con 13 tantos<\/p>\n","protected":false},"author":20,"featured_media":332548,"comment_status":"closed","ping_status":"closed","sticky":false,"template":"","format":"standard","meta":[],"categories":[2198,3845,5950],"tags":[5437,6456],"_links":{"self":[{"href":"http:\/\/desarrollo.grupomedios.com\/futbol\/wp-json\/wp\/v2\/posts\/332542"}],"collection":[{"href":"http:\/\/desarrollo.grupomedios.com\/futbol\/wp-json\/wp\/v2\/posts"}],"about":[{"href":"http:\/\/desarrollo.grupomedios.com\/futbol\/wp-json\/wp\/v2\/types\/post"}],"author":[{"embeddable":true,"href":"http:\/\/desarrollo.grupomedios.com\/futbol\/wp-json\/wp\/v2\/users\/20"}],"replies":[{"embeddable":true,"href":"http:\/\/desarrollo.grupomedios.com\/futbol\/wp-json\/wp\/v2\/comments?post=332542"}],"version-history":[{"count":0,"href":"http:\/\/desarrollo.grupomedios.com\/futbol\/wp-json\/wp\/v2\/posts\/332542\/revisions"}],"wp:featuredmedia":[{"embeddable":true,"href":"http:\/\/desarrollo.grupomedios.com\/futbol\/wp-json\/wp\/v2\/media\/332548"}],"wp:attachment":[{"href":"http:\/\/desarrollo.grupomedios.com\/futbol\/wp-json\/wp\/v2\/media?parent=332542"}],"wp:term":[{"taxonomy":"category","embeddable":true,"href":"http:\/\/desarrollo.grupomedios.com\/futbol\/wp-json\/wp\/v2\/categories?post=332542"},{"taxonomy":"post_tag","embeddable":true,"href":"http:\/\/desarrollo.grupomedios.com\/futbol\/wp-json\/wp\/v2\/tags?post=332542"}],"curies":[{"name":"wp","href":"https:\/\/api.w.org\/{rel}","templated":true}]}}