{"id":332583,"date":"2015-11-09T13:51:25","date_gmt":"2015-11-09T18:51:25","guid":{"rendered":"http:\/\/futboltotal.com.mx\/?p=332583"},"modified":"2015-11-09T13:52:47","modified_gmt":"2015-11-09T18:52:47","slug":"el-11-ideal-de-la-jornada-16-de-la-liga-mx","status":"publish","type":"post","link":"http:\/\/desarrollo.grupomedios.com\/futbol\/destacado-home\/el-11-ideal-de-la-jornada-16-de-la-liga-mx\/2015\/11","title":{"rendered":"El 11 ideal de la jornada 16 de la Liga MX"},"content":{"rendered":"<p>La jornada 16 del Apertura 2015 concluy\u00f3, sin invitados adicionales a Pumas, pero con resultados que permitieron ver a futbolistas confirmar su buen paso en la reciente campa\u00f1a de la <a href=\"http:\/\/www.futboltotal.com.mx\/futbol-mexicano\/\" target=\"_blank\"><strong>Liga MX<\/strong><\/a>. Este es el 11 ideal de la pen\u00faltima jornada, \u00bfcambiar\u00edan a alguien,<em> cracks<\/em>?<\/p>\n<p><a href=\"http:\/\/futboltotal.com.mx\/wp-content\/uploads\/2015\/11\/ONCE_IDEAL_LIGA_MX-JORNADA-16.jpg\"><img decoding=\"async\" loading=\"lazy\" class=\"aligncenter wp-image-332585 size-full\" src=\"http:\/\/futboltotal.com.mx\/wp-content\/uploads\/2015\/11\/ONCE_IDEAL_LIGA_MX-JORNADA-16.jpg\" alt=\"ONCE_IDEAL_LIGA_MX-JORNADA-16\" srcset=\"http:\/\/desarrollo.grupomedios.com\/futbol\/wp-content\/uploads\/2015\/11\/ONCE_IDEAL_LIGA_MX-JORNADA-16.jpg 820w, http:\/\/desarrollo.grupomedios.com\/futbol\/wp-content\/uploads\/2015\/11\/ONCE_IDEAL_LIGA_MX-JORNADA-16-237x300.jpg 237w, http:\/\/desarrollo.grupomedios.com\/futbol\/wp-content\/uploads\/2015\/11\/ONCE_IDEAL_LIGA_MX-JORNADA-16-811x1024.jpg 811w\" sizes=\"(max-width: 820px) 100vw, 820px\" \/><\/a><\/p>\n<p><em>Portero<\/em><\/p>\n<p><strong>Felipe Rodr\u00edguez | Morelia |<\/strong> El guardameta repiti\u00f3 en el once de Enrique Meza y cumpli\u00f3, para evitar que Santos empatara en su propio inmueble.<\/p>\n<p><em>Defensas<\/em><\/p>\n<p><strong>Carlos Guti\u00e9rrez | Puebla |<\/strong> Sus aportaciones a la ofensiva, provocaron que Pablo Marini lo adelantara en el partido ante Xolos y cumpli\u00f3, pues le dio medio gol a Luis Gabriel Rey.<\/p>\n<p><strong>Luis Quintana | Pumas |<\/strong> El gol que abri\u00f3 el marcador en CU, le dio la confianza al defensor, que ha tenido una dura prueba para suplir a Dar\u00edo Ver\u00f3n.<\/p>\n<p><strong>Jonathan Lacerda | Dorados |<\/strong> Estuvo muy atento a las llegadas de Omar Bravo y \u00c1ngel Zald\u00edvar, pues pr\u00e1cticamente los nulific\u00f3.<\/p>\n<p><strong>Luis Venegas | Chiapas |<\/strong> El zaguero volvi\u00f3 a colaborar con una anotaci\u00f3n, en este caso, la primera del <em>Jaguar<\/em>, en la victoria sobre los <em>rojinegros<\/em>.<\/p>\n<p><em>Medios<\/em><\/p>\n<p><strong>Alejandro Castro | Pumas |<\/strong> El contenci\u00f3n dio la muestra de por qu\u00e9 fue llamado a la Selecci\u00f3n Mexicana, al dar un buen juego y evitar un gol cantado de los Gallos.<\/p>\n<p><strong>Luis P\u00e9rez | Monterrey |<\/strong> El volante sigue respondiendo a la confianza de el <em>Turco<\/em> Mohamed, con buenos partidos que ayudan a <em>Rayados<\/em> a sumar puntos.<\/p>\n<p><strong>Jurgen Damm | Tigres |<\/strong> Hizo pedazos a la zaga de Veracruz y dio un pase de gol a Javier Aquino para el segundo gol <em>felino<\/em>.<\/p>\n<p><em>Delanteros<\/em><\/p>\n<p><strong>Andr\u00e9-Pierre Gignac | Tigres |<\/strong> Confirm\u00f3 su llamado a la selecci\u00f3n de Francia, al anotar el gol que abri\u00f3 el marcador en el Puerto.<\/p>\n<p><strong>Silvio Romero | Chiapas |<\/strong> El ariete fue la figura del <em>Jaguar<\/em>, pues comand\u00f3 la voltereta sobre los <em>rojinegros<\/em> con su doblete.<\/p>\n<p><strong>Mauro Boselli | Le\u00f3n |<\/strong> Pese a que la <em>Fiera<\/em> perdi\u00f3 ante <em>Tuzos<\/em>, el ariete anot\u00f3 doblete para mantenerse en las primeras posiciones de la tabla de goleo.<\/p>\n","protected":false},"excerpt":{"rendered":"<p>Estos once futbolistas dejaron huella en la fecha 16 del Apertura 2015.<\/p>\n","protected":false},"author":20,"featured_media":296911,"comment_status":"closed","ping_status":"closed","sticky":false,"template":"","format":"standard","meta":[],"categories":[5,2198,3845],"tags":[5623,64],"_links":{"self":[{"href":"http:\/\/desarrollo.grupomedios.com\/futbol\/wp-json\/wp\/v2\/posts\/332583"}],"collection":[{"href":"http:\/\/desarrollo.grupomedios.com\/futbol\/wp-json\/wp\/v2\/posts"}],"about":[{"href":"http:\/\/desarrollo.grupomedios.com\/futbol\/wp-json\/wp\/v2\/types\/post"}],"author":[{"embeddable":true,"href":"http:\/\/desarrollo.grupomedios.com\/futbol\/wp-json\/wp\/v2\/users\/20"}],"replies":[{"embeddable":true,"href":"http:\/\/desarrollo.grupomedios.com\/futbol\/wp-json\/wp\/v2\/comments?post=332583"}],"version-history":[{"count":0,"href":"http:\/\/desarrollo.grupomedios.com\/futbol\/wp-json\/wp\/v2\/posts\/332583\/revisions"}],"wp:featuredmedia":[{"embeddable":true,"href":"http:\/\/desarrollo.grupomedios.com\/futbol\/wp-json\/wp\/v2\/media\/296911"}],"wp:attachment":[{"href":"http:\/\/desarrollo.grupomedios.com\/futbol\/wp-json\/wp\/v2\/media?parent=332583"}],"wp:term":[{"taxonomy":"category","embeddable":true,"href":"http:\/\/desarrollo.grupomedios.com\/futbol\/wp-json\/wp\/v2\/categories?post=332583"},{"taxonomy":"post_tag","embeddable":true,"href":"http:\/\/desarrollo.grupomedios.com\/futbol\/wp-json\/wp\/v2\/tags?post=332583"}],"curies":[{"name":"wp","href":"https:\/\/api.w.org\/{rel}","templated":true}]}}