{"id":332596,"date":"2015-11-09T12:57:53","date_gmt":"2015-11-09T17:57:53","guid":{"rendered":"http:\/\/futboltotal.com.mx\/?p=332596"},"modified":"2015-11-09T13:56:39","modified_gmt":"2015-11-09T18:56:39","slug":"real-sociedad-destituye-a-david-moyes","status":"publish","type":"post","link":"http:\/\/desarrollo.grupomedios.com\/futbol\/futbol-internacional\/real-sociedad-destituye-a-david-moyes\/2015\/11","title":{"rendered":"Vela y Reyes, sin t\u00e9cnico en la Real Sociedad"},"content":{"rendered":"<p>La directiva de la<strong> Real Sociedad<\/strong>, donde militan los mexicanos <strong>Carlos Vela<\/strong> y <strong>Diego Reyes,<\/strong> decidi\u00f3 destituir al escoc\u00e9s <strong>David Moyes<\/strong> de la direcci\u00f3n t\u00e9cnica del equipo ante los pobres resultados en esta campa\u00f1a.<\/p>\n<p>A trav\u00e9s de su p\u00e1gina web, la instituci\u00f3n vasca indic\u00f3 que hab\u00eda decidido rescindir el contrato de <strong>Moyes<\/strong>, as\u00ed como el de su ayudante Billy McKinlay.<\/p>\n<p>\u201cLa entidad txuri urdin quiere agradecer, tanto a David Moyes como a Billy McKinlay, toda la aportaci\u00f3n, la profesionalidad y la dedicaci\u00f3n que han mostrado durante el ejercicio de sus funciones en la direcci\u00f3n del primer equipo, al tiempo que les desea lo mejor para su futuro profesional y personal\u201d, precis\u00f3.<\/p>\n<p style=\"text-align: center;\"><span style=\"color: #3366ff;\"><strong><a style=\"color: #3366ff;\" href=\"http:\/\/futboltotal.com.mx\/futbol-internacional\/\">LEER M\u00c1S: Todas las noticias de futbol internacional<\/a><\/strong><\/span><\/p>\n<p>En lo que va de la campa\u00f1a 2015-2016 de la Liga de Espa\u00f1a, el equipo de San Sebasti\u00e1n acumula solo nueve puntos, de 33 posibles, y se encuentra en el sitio 16 de la tabla general con dos victorias, tres empates y seis derrotas.<\/p>\n<p>Adem\u00e1s su ofensiva solo ha anotado 12 tantos, mientras que su cuadro bajo a permitido hasta el momento 14 goles, lo que habla de un mal momento de los jugadores donostiarras.<\/p>\n<p>Se prev\u00e9 que en las pr\u00f3ximas horas sea presentado Eusebio Sacrist\u00e1n como nuevo entrenador, el cual firmar\u00eda un contrato que culminar\u00eda en 2017.<\/p>\n","protected":false},"excerpt":{"rendered":"<p>El escoc\u00e9s David Moyes fue destituido tras un paup\u00e9rrimo inicio de campa\u00f1a<\/p>\n","protected":false},"author":20,"featured_media":332597,"comment_status":"closed","ping_status":"closed","sticky":false,"template":"","format":"standard","meta":[],"categories":[3839,3844,5951],"tags":[6048,4037,6006,102],"_links":{"self":[{"href":"http:\/\/desarrollo.grupomedios.com\/futbol\/wp-json\/wp\/v2\/posts\/332596"}],"collection":[{"href":"http:\/\/desarrollo.grupomedios.com\/futbol\/wp-json\/wp\/v2\/posts"}],"about":[{"href":"http:\/\/desarrollo.grupomedios.com\/futbol\/wp-json\/wp\/v2\/types\/post"}],"author":[{"embeddable":true,"href":"http:\/\/desarrollo.grupomedios.com\/futbol\/wp-json\/wp\/v2\/users\/20"}],"replies":[{"embeddable":true,"href":"http:\/\/desarrollo.grupomedios.com\/futbol\/wp-json\/wp\/v2\/comments?post=332596"}],"version-history":[{"count":0,"href":"http:\/\/desarrollo.grupomedios.com\/futbol\/wp-json\/wp\/v2\/posts\/332596\/revisions"}],"wp:featuredmedia":[{"embeddable":true,"href":"http:\/\/desarrollo.grupomedios.com\/futbol\/wp-json\/wp\/v2\/media\/332597"}],"wp:attachment":[{"href":"http:\/\/desarrollo.grupomedios.com\/futbol\/wp-json\/wp\/v2\/media?parent=332596"}],"wp:term":[{"taxonomy":"category","embeddable":true,"href":"http:\/\/desarrollo.grupomedios.com\/futbol\/wp-json\/wp\/v2\/categories?post=332596"},{"taxonomy":"post_tag","embeddable":true,"href":"http:\/\/desarrollo.grupomedios.com\/futbol\/wp-json\/wp\/v2\/tags?post=332596"}],"curies":[{"name":"wp","href":"https:\/\/api.w.org\/{rel}","templated":true}]}}