{"id":332744,"date":"2015-11-09T17:53:15","date_gmt":"2015-11-09T22:53:15","guid":{"rendered":"http:\/\/futboltotal.com.mx\/?p=332744"},"modified":"2015-11-09T17:53:15","modified_gmt":"2015-11-09T22:53:15","slug":"renuncia-presidente-de-la-federacion-colombiana-de-futbol","status":"publish","type":"post","link":"http:\/\/desarrollo.grupomedios.com\/futbol\/futbol-internacional\/renuncia-presidente-de-la-federacion-colombiana-de-futbol\/2015\/11","title":{"rendered":"Renuncia presidente de la Federaci\u00f3n Colombiana de Futbol"},"content":{"rendered":"<p>Las cabezas siguen rodando en el futbol internacional. Ahora, se ha generado la renuncia del presidente de la <strong>Federaci\u00f3n Colombiana de Futbol<\/strong>, <strong>Luis Bedoya<\/strong>, quien podr\u00eda tener algo que ver en el caso de corrupci\u00f3n dentro de la FIFA.<\/p>\n<p>Seg\u00fan medios colombianos, el ahora ex presidente se encuentra en Nueva York, sin dar a conocer los motivos, adem\u00e1s de que la renuncia se gener\u00f3, \u201cpor problemas personales\u201d\u00a0 y que tiene car\u00e1cter de \u201cirrevocable\u201d, sin embargo, ha trascendido que Bedoya tendr\u00eda algo que ver dentro de los casos de corrupci\u00f3n de la FIFA.<\/p>\n<p style=\"text-align: center;\"><strong><span style=\"color: #3366ff;\"><a style=\"color: #3366ff;\" href=\"http:\/\/futboltotal.com.mx\/2015\/11\/federacion-alemana-de-futbol-sin-presidente\/\">LEER M\u00c1S: Federaci\u00f3n Alemana de Futbol se quedan sin presidente<\/a><\/span><\/strong><\/p>\n<p>Dentro del expediente del caso de corrupci\u00f3n, se habla de un \u201calto mando\u201d del futbol colombiano\u201d que estaba al tanto de las irregularidades, y que habr\u00eda recibido 3 millones de d\u00f3lares, situaci\u00f3n que <strong>Luis Bedoya<\/strong> neg\u00f3 en la conferencia, donde present\u00f3 su renuncia, adem\u00e1s de que garantiz\u00f3 su colaboraci\u00f3n para aclarar su situaci\u00f3n, ya que, tambi\u00e9n es parte del Comit\u00e9 Ejecutivo de la FIFA.<\/p>\n<p>Ante esta situaci\u00f3n, las cosas est\u00e1n tensas en Colombia, ya que esperan que dicha situaci\u00f3n no afecte la realidad de la selecci\u00f3n de Colombia, de cara a las eliminatorias sudamericanas, hacia el mundial de Rusia 2018, y concretamente en su pr\u00f3ximo duelo ante la selecci\u00f3n de Chile.<\/p>\n<p>La renuncia de Bedoya de la <strong>Federaci\u00f3n Colombiana de Futbol<\/strong> se suma a la dimisi\u00f3n del presidente de la Federaci\u00f3n Alemana de Futbol, Wolfgang Niersbach, quien est\u00e1 siendo investigado por la supuesta compra de votos de Alemania, para desarrollar el Mundial en el 2006.<\/p>\n","protected":false},"excerpt":{"rendered":"<p>Bedoya argumenta \u201cmotivos personales\u201d, se sospecha complicidad en caso FIFA<\/p>\n","protected":false},"author":20,"featured_media":332745,"comment_status":"closed","ping_status":"closed","sticky":false,"template":"","format":"standard","meta":[],"categories":[3839,5951],"tags":[6005,6249,6462],"_links":{"self":[{"href":"http:\/\/desarrollo.grupomedios.com\/futbol\/wp-json\/wp\/v2\/posts\/332744"}],"collection":[{"href":"http:\/\/desarrollo.grupomedios.com\/futbol\/wp-json\/wp\/v2\/posts"}],"about":[{"href":"http:\/\/desarrollo.grupomedios.com\/futbol\/wp-json\/wp\/v2\/types\/post"}],"author":[{"embeddable":true,"href":"http:\/\/desarrollo.grupomedios.com\/futbol\/wp-json\/wp\/v2\/users\/20"}],"replies":[{"embeddable":true,"href":"http:\/\/desarrollo.grupomedios.com\/futbol\/wp-json\/wp\/v2\/comments?post=332744"}],"version-history":[{"count":0,"href":"http:\/\/desarrollo.grupomedios.com\/futbol\/wp-json\/wp\/v2\/posts\/332744\/revisions"}],"wp:featuredmedia":[{"embeddable":true,"href":"http:\/\/desarrollo.grupomedios.com\/futbol\/wp-json\/wp\/v2\/media\/332745"}],"wp:attachment":[{"href":"http:\/\/desarrollo.grupomedios.com\/futbol\/wp-json\/wp\/v2\/media?parent=332744"}],"wp:term":[{"taxonomy":"category","embeddable":true,"href":"http:\/\/desarrollo.grupomedios.com\/futbol\/wp-json\/wp\/v2\/categories?post=332744"},{"taxonomy":"post_tag","embeddable":true,"href":"http:\/\/desarrollo.grupomedios.com\/futbol\/wp-json\/wp\/v2\/tags?post=332744"}],"curies":[{"name":"wp","href":"https:\/\/api.w.org\/{rel}","templated":true}]}}