{"id":332813,"date":"2015-11-10T09:00:40","date_gmt":"2015-11-10T14:00:40","guid":{"rendered":"http:\/\/futboltotal.com.mx\/?p=332813"},"modified":"2015-11-10T14:12:53","modified_gmt":"2015-11-10T19:12:53","slug":"top-10-los-retiros-impactantes-de-los-cracks","status":"publish","type":"post","link":"http:\/\/desarrollo.grupomedios.com\/futbol\/futbol-internacional\/top-10-los-retiros-impactantes-de-los-cracks\/2015\/11","title":{"rendered":"Top 10 | Los retiros impactantes de los cracks"},"content":{"rendered":"<p>Este fin de semana el espa\u00f1ol <strong>Ra\u00fal Gonz\u00e1lez<\/strong> tendr\u00e1 la oportunidad de despedirse del futbol a nivel internacional como campe\u00f3n, cuando su equipo, el New York Cosmos, enfrente al Ottawa Fury por el campeonato de la North American Soccer League.<\/p>\n<p>El ex delantero del Real Madrid buscar\u00e1, con el t\u00edtulo de la NASL, entrar a un selecto grupo de figuras mundiales, que han logrado despedirse por todo lo alto del balompi\u00e9, ya sea con un gallardete, o con un logro relevante para los suyos; sin embargo, si pierde el campeonato, igual pasar\u00e1 a formar parte de un no tan laureado grupo de figuras, que no se han logrado despedir de la mejor forma de su afici\u00f3n.<\/p>\n<p style=\"text-align: center;\"><strong><span style=\"color: #3366ff;\"><a style=\"color: #3366ff;\" href=\"http:\/\/futboltotal.com.mx\/2015\/11\/raul-gonzalez-se-despedira-con-final\/\">LEER M\u00c1S: Ra\u00fal se despedir\u00e1 con final<\/a><\/span><\/strong><\/p>\n<p>Ya sea con un t\u00edtulo, con un logro relevante, con un partido para el olvido o por lamentables cuestiones de salud, te presentamos los diez <strong>retiros<\/strong> m\u00e1s impactantes de algunas figuras del futbol.<\/p>\n<p><strong><span style=\"color: #ff0000;\">Zinedine Zidane |<\/span><\/strong> El m\u00edtico delantero franc\u00e9s hab\u00eda logrado grandes triunfos con equipos europeos, como la Juventus, el Real Madrid y con la selecci\u00f3n de Francia, en esta \u00faltima, en el Mundial de 1998, donde, en casa, obtuvo el campeonato. La opci\u00f3n se le abri\u00f3 de nueva cuenta, cuando, despu\u00e9s de un primer retiro, volvi\u00f3 a las canchas para guiar a una deslucida Francia al Mundial de Alemania 2006; a la cual llev\u00f3 hasta la final. Lamentablemente, en el partido definitivo ante Italia, Zidane le dio un cabezazo a Marco Materazzi, para\u00a0salir expulsado, y dejar mermada a su selecci\u00f3n, que en penales, perdi\u00f3 el cetro mundial ante la <em>Azzurri<\/em>.<\/p>\n<p>Retiro: 9 de julio del 2006.<\/p>\n<p><a href=\"http:\/\/futboltotal.com.mx\/wp-content\/uploads\/2015\/11\/Zidane1.jpg\"><img decoding=\"async\" loading=\"lazy\" class=\"alignnone wp-image-332827 size-full\" src=\"http:\/\/futboltotal.com.mx\/wp-content\/uploads\/2015\/11\/Zidane1.jpg\" alt=\"Zinedine Zidane\" srcset=\"http:\/\/desarrollo.grupomedios.com\/futbol\/wp-content\/uploads\/2015\/11\/Zidane1.jpg 820w, http:\/\/desarrollo.grupomedios.com\/futbol\/wp-content\/uploads\/2015\/11\/Zidane1-300x110.jpg 300w\" sizes=\"(max-width: 820px) 100vw, 820px\" \/><\/a><\/p>\n<p><iframe loading=\"lazy\" src=\"https:\/\/www.youtube.com\/embed\/r_KKTLXgTIc?feature=oembed\" frameborder=\"0\" allowfullscreen><\/iframe><\/p>\n<p><strong><span style=\"color: #ff0000;\">Pel\u00e9 |<\/span><\/strong> Fue en la final de la temporada 1977-78 de la NASL, cuando Pel\u00e9, jugando con el NY Cosmos, disput\u00f3 su \u00faltimo encuentro dentro del profesionalismo. El \u00a0m\u00edtico campe\u00f3n mundial con Brasil dio muestras de calidad, al lado de Carlos Alberto y Franz Beckenbauer, para derrotar a los Seattle Sounders por marcador 2-1, y as\u00ed erigirse como \u00eddolo dentro del conjunto neoyorquino con el titulo para el Cosmos. Ra\u00fal buscar\u00e1 emular lo hecho por Pel\u00e9, consiguiendo el t\u00edtulo de la NASL en su \u00faltimo encuentro.<\/p>\n<p>Retiro 28 de agosto de 1977.<\/p>\n<p><a href=\"http:\/\/futboltotal.com.mx\/wp-content\/uploads\/2015\/11\/Pele1c.jpg\"><img decoding=\"async\" loading=\"lazy\" class=\"alignnone wp-image-332826 size-full\" src=\"http:\/\/futboltotal.com.mx\/wp-content\/uploads\/2015\/11\/Pele1c.jpg\" alt=\"Pele1c\" srcset=\"http:\/\/desarrollo.grupomedios.com\/futbol\/wp-content\/uploads\/2015\/11\/Pele1c.jpg 820w, http:\/\/desarrollo.grupomedios.com\/futbol\/wp-content\/uploads\/2015\/11\/Pele1c-300x110.jpg 300w\" sizes=\"(max-width: 820px) 100vw, 820px\" \/><\/a><\/p>\n<p><iframe loading=\"lazy\" src=\"https:\/\/www.youtube.com\/embed\/iXrCcYBObAY?feature=oembed\" frameborder=\"0\" allowfullscreen><\/iframe><\/p>\n<p><span style=\"color: #ff0000;\"><strong>Thierry Henry |<\/strong><\/span> La temporada perfecta con el Arsenal, su campeonato mundial con Francia en 1998 y su segundo aire con el Barcelona quedaron lejos de los alcances del atacante franc\u00e9s a la hora de su retiro. El m\u00e1ximo goleador con <em>Les Bleus<\/em> termin\u00f3 su carrera engalanando las filas de la MLS, formando parte de la plantilla del New York Red Bulls, donde lleg\u00f3 con la encomienda de, precisamente, alzar el nombre de la liga, y buscar los t\u00edtulos con el equipo estadounidense; lamentablemente el franc\u00e9s se qued\u00f3 en la antesala de la final, en 2010 y 2012, a pesar de siempre responder con goles.<\/p>\n<p>Retiro: 16 de diciembre del 2014.<\/p>\n<p><a href=\"http:\/\/futboltotal.com.mx\/wp-content\/uploads\/2015\/11\/Henry1.jpg\"><img decoding=\"async\" loading=\"lazy\" class=\"wp-image-332825 size-full\" src=\"http:\/\/futboltotal.com.mx\/wp-content\/uploads\/2015\/11\/Henry1.jpg\" alt=\"New York Red Bulls forward Thierry Henry gestures during the second half of the second soccer game of the MLS Eastern Conference final in Foxborough, Mass., Saturday, Nov. 29, 2014. The match ended 2-2 and New England advanced with a two-game aggregate 4-3. (AP Photo\/Elise Amendola) ORG XMIT: otk112\" srcset=\"http:\/\/desarrollo.grupomedios.com\/futbol\/wp-content\/uploads\/2015\/11\/Henry1.jpg 820w, http:\/\/desarrollo.grupomedios.com\/futbol\/wp-content\/uploads\/2015\/11\/Henry1-300x110.jpg 300w\" sizes=\"(max-width: 820px) 100vw, 820px\" \/><\/a><\/p>\n<p><iframe loading=\"lazy\" src=\"https:\/\/www.youtube.com\/embed\/8Gda6tTr5xs?feature=oembed\" frameborder=\"0\" allowfullscreen><\/iframe><\/p>\n<p><strong><span style=\"color: #ff0000;\">Ruud Van Nistelrooy |<\/span><\/strong> El delantero holand\u00e9s tuvo el reconocimiento de los equipos con los que jug\u00f3, como el\u00a0PSV, Real Madrid, Hamburgo, M\u00e1laga y, sobre todo, con el Manchester United y la selecci\u00f3n de Holanda, donde, adem\u00e1s de conseguir t\u00edtulos con algunos de ellos, se gan\u00f3 la idolatr\u00eda de la afici\u00f3n por su olfato goleador. A la hora de su retiro, dej\u00f3 un agradable sabor de boca para la afici\u00f3n malague\u00f1a, porque su contribuci\u00f3n ayud\u00f3 a que el conjunto del jeque Abdullah Al-Thani, calificara a la Champions League por primera vez en su historia, adem\u00e1s de, convertir al M\u00e1laga, en un equipo protagonista de la Liga Espa\u00f1ola.<\/p>\n<p>Retiro: 14 de mayo del 2012.<\/p>\n<p><a style=\"line-height: 1.5;\" href=\"http:\/\/futboltotal.com.mx\/wp-content\/uploads\/2015\/11\/Ruud-van-nisterror.jpg\"><img decoding=\"async\" loading=\"lazy\" class=\"alignnone wp-image-332824 size-full\" src=\"http:\/\/futboltotal.com.mx\/wp-content\/uploads\/2015\/11\/Ruud-van-nisterror.jpg\" alt=\"Ruud van nisterror\" srcset=\"http:\/\/desarrollo.grupomedios.com\/futbol\/wp-content\/uploads\/2015\/11\/Ruud-van-nisterror.jpg 820w, http:\/\/desarrollo.grupomedios.com\/futbol\/wp-content\/uploads\/2015\/11\/Ruud-van-nisterror-300x110.jpg 300w\" sizes=\"(max-width: 820px) 100vw, 820px\" \/><\/a><\/p>\n<p><iframe loading=\"lazy\" src=\"https:\/\/www.youtube.com\/embed\/sTLZrzcVtNE?feature=oembed\" frameborder=\"0\" allowfullscreen><\/iframe><\/p>\n<p><strong><span style=\"color: #ff0000;\">Carles Puyol |<\/span><\/strong> Nadie duda de la calidad defensiva de Carles Puyol durante muchos a\u00f1os dentro de las filas del Barcelona, logrando una bandeja enorme de t\u00edtulos en el Camp Nou, adem\u00e1s de contribuir a la \u00e9poca dorada de la selecci\u00f3n de Espa\u00f1a; sin embargo, su retiro no fue tan llamativo como su palmar\u00e9s mismo, ya que el <em>Tarz\u00e1n <\/em>decidi\u00f3 ponerle fin a su carrera, a d\u00edas antes de que culminara la temporada de la Liga Espa\u00f1ola, debido a su lesi\u00f3n en la rodilla; torneo en el que el Barcelona se qued\u00f3 con el subcampeonato; adem\u00e1s de que por la misma lesi\u00f3n, no pudo actuar en la consecuci\u00f3n del t\u00edtulo por la Copa del Rey ante el Athletic de Bilbao.<\/p>\n<p>Retiro: 4 de marzo del 2014.<\/p>\n<p><a href=\"http:\/\/futboltotal.com.mx\/wp-content\/uploads\/2015\/11\/Puyol.jpg\"><img decoding=\"async\" loading=\"lazy\" class=\"alignnone wp-image-332822 size-full\" src=\"http:\/\/futboltotal.com.mx\/wp-content\/uploads\/2015\/11\/Puyol.jpg\" alt=\"Puyol\" srcset=\"http:\/\/desarrollo.grupomedios.com\/futbol\/wp-content\/uploads\/2015\/11\/Puyol.jpg 820w, http:\/\/desarrollo.grupomedios.com\/futbol\/wp-content\/uploads\/2015\/11\/Puyol-300x110.jpg 300w\" sizes=\"(max-width: 820px) 100vw, 820px\" \/><\/a><\/p>\n<p><iframe loading=\"lazy\" src=\"https:\/\/www.youtube.com\/embed\/tXYuMQGMSE4?feature=oembed\" frameborder=\"0\" allowfullscreen><\/iframe><\/p>\n<p><span style=\"color: #ff0000;\"><strong>Diego Armando Maradona |<\/strong><\/span> A pesar de que el final de su carrera estuvo marcada por se\u00f1alamientos por casos de dopaje, raz\u00f3n por la cual decide retirarse, Diego Armando Maradona alcanza a darle una \u00faltima alegr\u00eda a la afici\u00f3n argentina, concretamente al equipo de sus amores, el Boca Juniors, ya que su \u00faltimo encuentro fue en la Final del Torneo Apertura de 1997, donde enfrent\u00f3 a nada m\u00e1s y nada menos que al River Plate. En dicho encuentro, Maradona no fue fundamental; de hecho no logr\u00f3 terminar el partido, sin embargo, el conjunto <em>boquense<\/em> logr\u00f3 la victoria 2-1, lo que le dio el cetro nacional; manera inmejorable de Boca de despedir a su m\u00e1ximo \u00eddolo.<\/p>\n<p>Retiro 25 de octubre de 1997.<\/p>\n<p><a href=\"http:\/\/futboltotal.com.mx\/wp-content\/uploads\/2015\/11\/Maradona.jpg\"><img decoding=\"async\" loading=\"lazy\" class=\"alignnone wp-image-332821 size-full\" src=\"http:\/\/futboltotal.com.mx\/wp-content\/uploads\/2015\/11\/Maradona.jpg\" alt=\"Maradona\" srcset=\"http:\/\/desarrollo.grupomedios.com\/futbol\/wp-content\/uploads\/2015\/11\/Maradona.jpg 820w, http:\/\/desarrollo.grupomedios.com\/futbol\/wp-content\/uploads\/2015\/11\/Maradona-300x110.jpg 300w\" sizes=\"(max-width: 820px) 100vw, 820px\" \/><\/a><\/p>\n<p><iframe loading=\"lazy\" src=\"https:\/\/www.youtube.com\/embed\/TlmulytPZ28?feature=oembed\" frameborder=\"0\" allowfullscreen><\/iframe><\/p>\n<p><strong><span style=\"color: #ff0000;\">Ronaldo |<\/span><\/strong> El <em>Fen\u00f3meno<\/em> nunca perdi\u00f3 el hambre por jugar y conseguir t\u00edtulos para la camisa que defendiera; sin embargo, el hipotiroidismo que sufr\u00eda, y que lo persigui\u00f3 durante toda su carrera fue la raz\u00f3n por la cual el m\u00edtico \u201c9\u201d de Brasil decidi\u00f3 colgar los botines. Su despedida del futbol fue en un partido de Copa Libertadores, defendiendo la causa del Corinhtians de Brasil, enfrentando al Deportes Tolima de Colombia, quienes los eliminaron del certamen. &#8220;Pienso en una jugada, pero no la ejecuto como quiero.&#8221; declar\u00f3 tajante a la hora de su despedida.<\/p>\n<p>Retiro: 21 de febrero del 2011<\/p>\n<p><a href=\"http:\/\/futboltotal.com.mx\/wp-content\/uploads\/2015\/11\/Ronaldo2.jpg\"><img decoding=\"async\" loading=\"lazy\" class=\"alignnone wp-image-332819 size-full\" src=\"http:\/\/futboltotal.com.mx\/wp-content\/uploads\/2015\/11\/Ronaldo2.jpg\" alt=\"Ronaldo\" srcset=\"http:\/\/desarrollo.grupomedios.com\/futbol\/wp-content\/uploads\/2015\/11\/Ronaldo2.jpg 820w, http:\/\/desarrollo.grupomedios.com\/futbol\/wp-content\/uploads\/2015\/11\/Ronaldo2-300x110.jpg 300w\" sizes=\"(max-width: 820px) 100vw, 820px\" \/><\/a><\/p>\n<p>&nbsp;<\/p>\n<p><iframe loading=\"lazy\" src=\"https:\/\/www.youtube.com\/embed\/Uc3yZgoEE3s?feature=oembed\" frameborder=\"0\" allowfullscreen><\/iframe><\/p>\n<p><span style=\"color: #ff0000;\"><strong>David Beckham |<\/strong><\/span> Una de las despedidas m\u00e1s emotivas que vivi\u00f3 el futbol mundial fue, curiosamente, con el jugador m\u00e1s medi\u00e1tico en aquellas fechas: David Beckham. El internacional con Inglaterra logro maravillar, con su toque de bal\u00f3n, las filas del Manchester United, los <em>Gal\u00e1cticos<\/em> del Real Madrid, el AC Mil\u00e1n, Los \u00c1ngeles Galaxy y con el Paris Saint-Germain. No logr\u00f3 conseguir palmar\u00e9s a nivel internacional, pero el reconocimiento mundial lo hizo llegar hasta las l\u00e1grimas en su \u00faltimo partido como profesional; fue con el conjunto parisino, donde logr\u00f3 conseguir el t\u00edtulo de la temporada 2012-13.<\/p>\n<p>Retiro: 19 de mayo del 2013.<\/p>\n<p><a href=\"http:\/\/futboltotal.com.mx\/wp-content\/uploads\/2015\/11\/Beckham.jpg\"><img decoding=\"async\" loading=\"lazy\" class=\"alignnone wp-image-332816 size-full\" src=\"http:\/\/futboltotal.com.mx\/wp-content\/uploads\/2015\/11\/Beckham.jpg\" alt=\"Beckham\" srcset=\"http:\/\/desarrollo.grupomedios.com\/futbol\/wp-content\/uploads\/2015\/11\/Beckham.jpg 820w, http:\/\/desarrollo.grupomedios.com\/futbol\/wp-content\/uploads\/2015\/11\/Beckham-300x110.jpg 300w\" sizes=\"(max-width: 820px) 100vw, 820px\" \/><\/a><\/p>\n<p><iframe loading=\"lazy\" src=\"https:\/\/www.youtube.com\/embed\/a9jZUKKJe5Q?feature=oembed\" frameborder=\"0\" allowfullscreen><\/iframe><\/p>\n<p><strong><span style=\"color: #ff0000;\">Miguel Calero |<\/span><\/strong> \u201cPachuca esta para grandes vuelos, y eso nos lo ense\u00f1o un C\u00f3ndor\u201d; esa es la opini\u00f3n que dej\u00f3 el colombiano Miguel Calero entre sus aficionados, cuando viv\u00edan el dolor por su lamentable fallecimiento el 4 de diciembre del 2012. El \u00eddolo de la afici\u00f3n del Pachuca tuvo que dejar las canchas, debido a los problemas que tuvo, por una trombosis sufrida, en el 2011, lo que ya no lo tuvo en condiciones de jugar; sin embargo, su gran entrega con los <em>Tuzos<\/em>, en el cual logr\u00f3 cuatro t\u00edtulos locales y seis cetros internacionales lo mantienen vivo dentro de los corazones de la fanaticada hidalguense.<\/p>\n<p>Retiro: 29 de septiembre del 2011<\/p>\n<p><a href=\"http:\/\/futboltotal.com.mx\/wp-content\/uploads\/2015\/11\/Calero.jpg\"><img decoding=\"async\" loading=\"lazy\" class=\"alignnone wp-image-332814 size-full\" src=\"http:\/\/futboltotal.com.mx\/wp-content\/uploads\/2015\/11\/Calero.jpg\" alt=\"Calero\" srcset=\"http:\/\/desarrollo.grupomedios.com\/futbol\/wp-content\/uploads\/2015\/11\/Calero.jpg 820w, http:\/\/desarrollo.grupomedios.com\/futbol\/wp-content\/uploads\/2015\/11\/Calero-300x110.jpg 300w\" sizes=\"(max-width: 820px) 100vw, 820px\" \/><\/a><\/p>\n<p><iframe loading=\"lazy\" src=\"https:\/\/www.youtube.com\/embed\/l7_tX2azK6A?feature=oembed\" frameborder=\"0\" allowfullscreen><\/iframe><\/p>\n<p><span style=\"color: #ff0000;\"><strong>Cuauht\u00e9moc Blanco |<\/strong><\/span> El llamado \u00faltimo \u00eddolo del futbol mexicano tuvo una carrera llena de distinciones; lo mismo lograba dar de que hablar en equipos de primer nivel, como tambi\u00e9n en equipos de divisiones inferiores, gracias a sus capacidades y su entrega. As\u00ed qued\u00f3 de manifiesto en su \u00faltima temporada como profesional, engalanando la camiseta de la Franja del Puebla, cumpliendo su sue\u00f1o de retirarse en la primera divisi\u00f3n de M\u00e9xico, y adem\u00e1s, logrando el t\u00edtulo de la Copa MX en un partidazo en contra de las Chivas de Guadalajara. Si se considera el amor de Blanco hacia las \u00c1guilas del Am\u00e9rica, el titulo le fue a\u00fan m\u00e1s relevante.<\/p>\n<p>Retiro: 21 de abril del 2015.<\/p>\n<p><a href=\"http:\/\/futboltotal.com.mx\/wp-content\/uploads\/2015\/11\/Blanco.jpg\"><img decoding=\"async\" loading=\"lazy\" class=\"alignnone wp-image-332815 size-full\" src=\"http:\/\/futboltotal.com.mx\/wp-content\/uploads\/2015\/11\/Blanco.jpg\" alt=\"Puebla, Puebla, 21 de abril de 2015. durante el partido final del torneo Clausura 2015 de la Copa MX, entre Puebla de la Franja y las Chivas Rayadas del Guadalajara, celebrado en el estadio Universitario. Foto: Imago\/Etzel Espinosa\" srcset=\"http:\/\/desarrollo.grupomedios.com\/futbol\/wp-content\/uploads\/2015\/11\/Blanco.jpg 820w, http:\/\/desarrollo.grupomedios.com\/futbol\/wp-content\/uploads\/2015\/11\/Blanco-300x110.jpg 300w\" sizes=\"(max-width: 820px) 100vw, 820px\" \/><\/a><\/p>\n<p><iframe loading=\"lazy\" src=\"https:\/\/www.youtube.com\/embed\/d5RkA9fnU6Y?feature=oembed\" frameborder=\"0\" allowfullscreen><\/iframe><\/p>\n","protected":false},"excerpt":{"rendered":"<p>Luz y sombre viven las figuras del futbol a la hora de colgar los botines<\/p>\n","protected":false},"author":20,"featured_media":332829,"comment_status":"closed","ping_status":"closed","sticky":false,"template":"","format":"standard","meta":[],"categories":[3839,5951],"tags":[6286,2492,2692],"_links":{"self":[{"href":"http:\/\/desarrollo.grupomedios.com\/futbol\/wp-json\/wp\/v2\/posts\/332813"}],"collection":[{"href":"http:\/\/desarrollo.grupomedios.com\/futbol\/wp-json\/wp\/v2\/posts"}],"about":[{"href":"http:\/\/desarrollo.grupomedios.com\/futbol\/wp-json\/wp\/v2\/types\/post"}],"author":[{"embeddable":true,"href":"http:\/\/desarrollo.grupomedios.com\/futbol\/wp-json\/wp\/v2\/users\/20"}],"replies":[{"embeddable":true,"href":"http:\/\/desarrollo.grupomedios.com\/futbol\/wp-json\/wp\/v2\/comments?post=332813"}],"version-history":[{"count":0,"href":"http:\/\/desarrollo.grupomedios.com\/futbol\/wp-json\/wp\/v2\/posts\/332813\/revisions"}],"wp:featuredmedia":[{"embeddable":true,"href":"http:\/\/desarrollo.grupomedios.com\/futbol\/wp-json\/wp\/v2\/media\/332829"}],"wp:attachment":[{"href":"http:\/\/desarrollo.grupomedios.com\/futbol\/wp-json\/wp\/v2\/media?parent=332813"}],"wp:term":[{"taxonomy":"category","embeddable":true,"href":"http:\/\/desarrollo.grupomedios.com\/futbol\/wp-json\/wp\/v2\/categories?post=332813"},{"taxonomy":"post_tag","embeddable":true,"href":"http:\/\/desarrollo.grupomedios.com\/futbol\/wp-json\/wp\/v2\/tags?post=332813"}],"curies":[{"name":"wp","href":"https:\/\/api.w.org\/{rel}","templated":true}]}}