{"id":332818,"date":"2015-11-09T20:24:59","date_gmt":"2015-11-10T01:24:59","guid":{"rendered":"http:\/\/futboltotal.com.mx\/?p=332818"},"modified":"2015-11-09T20:24:59","modified_gmt":"2015-11-10T01:24:59","slug":"aficion-del-liverpool-decepciona-a-jurgen-klopp","status":"publish","type":"post","link":"http:\/\/desarrollo.grupomedios.com\/futbol\/futbol-internacional\/aficion-del-liverpool-decepciona-a-jurgen-klopp\/2015\/11","title":{"rendered":"Afici\u00f3n del Liverpool decepciona a J\u00fcrgen Klopp"},"content":{"rendered":"<p>Despu\u00e9s de probar su primera derrota en la Premier League, el t\u00e9cnico <strong>J\u00fcrgen Klopp<\/strong> dijo sentirse solo por ver que la afici\u00f3n del <strong>Liverpool<\/strong> abandon\u00f3 el estadio antes de que retumbara en silbatazo final en el partido contra Cristal Palace (1-2).<\/p>\n<p>&#8220;Despu\u00e9s de 82 minutos cuando anotaron el gol, todav\u00eda hay 12 minutos para que finalice el encuentro, pero vi muchas personas que se marcharon del estadio. Me sent\u00ed muy solo en ese momento. Nosotros decidimos cu\u00e1ndo se termina y entre el 82&#8242; y el 94&#8242; se pueden hacer ocho goles&#8221;, consider\u00f3 el entrenador alem\u00e1n.<\/p>\n<p style=\"text-align: center;\"><span style=\"color: #3366ff;\"><strong><a style=\"color: #3366ff;\" href=\"http:\/\/futboltotal.com.mx\/2015\/10\/el-mensaje-de-klopp-para-jose-mourinho\/\" target=\"_blank\">LEER M\u00c1S: J\u00fcrgen Klopp le mand\u00f3 un mensaje a Mourinho<\/a><\/strong><\/span><\/p>\n<p>Si bien dio muestras de cierta decepci\u00f3n por la actitud del p\u00fablico, <strong>J\u00fcrgen Klopp<\/strong> subray\u00f3 que tanto \u00e9l, como <strong>Liverpool<\/strong>\u00a0son los culpables de este suceso.<\/p>\n<p>&#8220;Somos responsables de que nadie abandone el estadio antes de que termine el partido porque todo puede pasar. Tenemos que mostr\u00e1rselos (los aficionados) y no lo hicimos. Nosotros decidimos lo fuertes que somos, lo buenos que somos, que tan despiertos estamos, lo cansado que estamos. Jugamos el jueves, pero yo decido si estoy cansado, nadie m\u00e1s&#8221;, a\u00f1adi\u00f3.<\/p>\n<p>De momento, los <em>Reds<\/em> tendr\u00e1n una semana m\u00e1s para prepararse de cara a su compromiso con Manchester City, duelo perteneciente a la jornada 13 de la Premier League que se celebrar\u00e1 el 21 de noviembre.<\/p>\n","protected":false},"excerpt":{"rendered":"<p>\u201cVi que se marcharon y me sent\u00ed muy solo\u201d, confes\u00f3 <\/p>\n","protected":false},"author":20,"featured_media":332823,"comment_status":"closed","ping_status":"closed","sticky":false,"template":"","format":"standard","meta":[],"categories":[3839,3846],"tags":[2863,5989],"_links":{"self":[{"href":"http:\/\/desarrollo.grupomedios.com\/futbol\/wp-json\/wp\/v2\/posts\/332818"}],"collection":[{"href":"http:\/\/desarrollo.grupomedios.com\/futbol\/wp-json\/wp\/v2\/posts"}],"about":[{"href":"http:\/\/desarrollo.grupomedios.com\/futbol\/wp-json\/wp\/v2\/types\/post"}],"author":[{"embeddable":true,"href":"http:\/\/desarrollo.grupomedios.com\/futbol\/wp-json\/wp\/v2\/users\/20"}],"replies":[{"embeddable":true,"href":"http:\/\/desarrollo.grupomedios.com\/futbol\/wp-json\/wp\/v2\/comments?post=332818"}],"version-history":[{"count":0,"href":"http:\/\/desarrollo.grupomedios.com\/futbol\/wp-json\/wp\/v2\/posts\/332818\/revisions"}],"wp:featuredmedia":[{"embeddable":true,"href":"http:\/\/desarrollo.grupomedios.com\/futbol\/wp-json\/wp\/v2\/media\/332823"}],"wp:attachment":[{"href":"http:\/\/desarrollo.grupomedios.com\/futbol\/wp-json\/wp\/v2\/media?parent=332818"}],"wp:term":[{"taxonomy":"category","embeddable":true,"href":"http:\/\/desarrollo.grupomedios.com\/futbol\/wp-json\/wp\/v2\/categories?post=332818"},{"taxonomy":"post_tag","embeddable":true,"href":"http:\/\/desarrollo.grupomedios.com\/futbol\/wp-json\/wp\/v2\/tags?post=332818"}],"curies":[{"name":"wp","href":"https:\/\/api.w.org\/{rel}","templated":true}]}}