{"id":332873,"date":"2015-11-10T10:05:25","date_gmt":"2015-11-10T15:05:25","guid":{"rendered":"http:\/\/futboltotal.com.mx\/?p=332873"},"modified":"2015-11-10T10:08:13","modified_gmt":"2015-11-10T15:08:13","slug":"para-giovani-es-una-falta-de-respeto-lo-de-osorio-reinoso","status":"publish","type":"post","link":"http:\/\/desarrollo.grupomedios.com\/futbol\/destacado-home\/para-giovani-es-una-falta-de-respeto-lo-de-osorio-reinoso\/2015\/11","title":{"rendered":"&#8220;Para Giovani es una falta de respeto&#8221;: Reinoso"},"content":{"rendered":"<p>&#8220;Si\u00a0Ba\u00f1os lo est\u00e1 asesorando lo hace mal&#8221;. Con esa frase <strong>Carlos Reinoso<\/strong> se\u00f1al\u00f3 su malestar por los cambios que pretende realizar Juan Carlos Osorio con la Selecci\u00f3n Mexicana, entre los que destaca la no convocatoria de <strong>Giovani Dos Santos<\/strong>.<\/p>\n<p>&#8220;Osorio lo compara con Esquivel, un chico que juega por derecha y con el Gullit, un doble 5 con mucha llegada. Giovani\u00a0juega distinto, es m\u00e1s ofensivo&#8221;, mencion\u00f3.<\/p>\n<p>&#8220;Lo de <strong>Giovani<\/strong> es una falta de respeto para la carrera de este pobre chico. Ha sufrido, ha ganado. Siempre ha estado con M\u00e9xico, siempre ha venido con la Selecci\u00f3n Mexicana y entonces esas cosas no me agradan&#8221;, relat\u00f3 Reinoso sobre el accionar del nuevo estratega tricolor y abund\u00f3 sobre otros que se han negado en alg\u00fan momento a representar a su pa\u00eds: &#8220;&#8221;A Vela no lo hubiera llamado nunca&#8221;.<\/p>\n<p>El <em>Maestro<\/em> Reinoso describi\u00f3 tambi\u00e9n el presente del que debe ser un indiscutible a su juicio en la Selecci\u00f3n.\u00a0&#8220;Chicharito es un terrible goleador como Enrique Borja. Es lo m\u00e1s parecido. \u00a0Son goleadores, son gente que nacieron para empujar \u00a0la pelota. De repente con las nalgas, de repente con la cabeza pero es un goleador de raza&#8221;, revel\u00f3 en el programa Agenda Fox.<\/p>\n<p>&#8220;A Chicharito lo envidian. Es un chico que representa a M\u00e9xico en las mejores ligas del mundo. Inglaterra, Espa\u00f1a, en el Madrid y ahora en Alemania, campe\u00f3n del mundo. Chicharito ah\u00ed siempre est\u00e1 es un orgullo\u00a0para m\u00ed verlo\u00a0verlo y que defienda al futbol mexicano&#8221;, insisti\u00f3.<\/p>\n<p style=\"text-align: center;\"><span style=\"color: #3366ff;\"><strong>LEER M\u00c1S: Juan Carlos Osorio explica ausencia de Giovanid Dos Santos.\u00a0<\/strong><\/span><\/p>\n","protected":false},"excerpt":{"rendered":"<p>El Maestro critic\u00f3 no solo al colombiano, tambi\u00e9n le toc\u00f3 lo suyo a Carlos Vela <\/p>\n","protected":false},"author":20,"featured_media":332875,"comment_status":"closed","ping_status":"closed","sticky":false,"template":"","format":"standard","meta":[],"categories":[5,3847],"tags":[4538,5982,3358,6196],"_links":{"self":[{"href":"http:\/\/desarrollo.grupomedios.com\/futbol\/wp-json\/wp\/v2\/posts\/332873"}],"collection":[{"href":"http:\/\/desarrollo.grupomedios.com\/futbol\/wp-json\/wp\/v2\/posts"}],"about":[{"href":"http:\/\/desarrollo.grupomedios.com\/futbol\/wp-json\/wp\/v2\/types\/post"}],"author":[{"embeddable":true,"href":"http:\/\/desarrollo.grupomedios.com\/futbol\/wp-json\/wp\/v2\/users\/20"}],"replies":[{"embeddable":true,"href":"http:\/\/desarrollo.grupomedios.com\/futbol\/wp-json\/wp\/v2\/comments?post=332873"}],"version-history":[{"count":0,"href":"http:\/\/desarrollo.grupomedios.com\/futbol\/wp-json\/wp\/v2\/posts\/332873\/revisions"}],"wp:featuredmedia":[{"embeddable":true,"href":"http:\/\/desarrollo.grupomedios.com\/futbol\/wp-json\/wp\/v2\/media\/332875"}],"wp:attachment":[{"href":"http:\/\/desarrollo.grupomedios.com\/futbol\/wp-json\/wp\/v2\/media?parent=332873"}],"wp:term":[{"taxonomy":"category","embeddable":true,"href":"http:\/\/desarrollo.grupomedios.com\/futbol\/wp-json\/wp\/v2\/categories?post=332873"},{"taxonomy":"post_tag","embeddable":true,"href":"http:\/\/desarrollo.grupomedios.com\/futbol\/wp-json\/wp\/v2\/tags?post=332873"}],"curies":[{"name":"wp","href":"https:\/\/api.w.org\/{rel}","templated":true}]}}