{"id":332880,"date":"2015-11-10T10:35:14","date_gmt":"2015-11-10T15:35:14","guid":{"rendered":"http:\/\/futboltotal.com.mx\/?p=332880"},"modified":"2015-11-10T11:10:50","modified_gmt":"2015-11-10T16:10:50","slug":"la-roma-pierde-al-goleador-salah","status":"publish","type":"post","link":"http:\/\/desarrollo.grupomedios.com\/futbol\/futbol-internacional\/la-roma-pierde-al-goleador-salah\/2015\/11","title":{"rendered":"La Roma pierde al goleador Salah"},"content":{"rendered":"<p>En pleno receso por Fecha FIFA, la Roma confirm\u00f3 la peor noticia cuando en el horizonte tiene dos partidos clave para conseguir el pase a <strong>Octavos de Final<\/strong> de <strong>Champions League<\/strong>: el egipcio <strong>Mohamed Salah<\/strong> esta fuera de las canchas mes y medio, tras confirmarse que padece &#8220;una lesi\u00f3n de segundo grado en los ligamentos del tobillo derecho\u201d, que le impedira estar presente en el partido ante el Barcelona del pr\u00f3ximo 24 de noviembre.<\/p>\n<p>El pasado domingo, en la victoria por 2-0 en el cl\u00e1sico de la capital frente a Lazio, el ariete sufri\u00f3 una contusi\u00f3n y fue sustituido al minuto 58 por el italiano Alessandro Florenzi. La entidad romana ha confirmado que est\u00e1 fuera y conf\u00edan en recuperarlo dentro de seis semanas.<\/p>\n<p>Los <em>Gialloross<\/em>i han perdido a su delantero m\u00e1s rentable de toda la temporada -consigui\u00f3 seis goles y tres asistencias en 11 encuentros- y quien hace una semana dio un gol y una asistencia en la victoria 3-2 frente al Bayer Leverkusen. Se perder\u00e1 cinco duelos de Serie A y uno de Copa Italiana y posiblemente reaparezca ante el bielorruso BATE Borisov.<\/p>\n<p style=\"text-align: center;\"><span style=\"color: #3366ff;\"><a style=\"color: #3366ff;\" href=\"http:\/\/futboltotal.com.mx\/?s=Champions\"><strong>LEER M\u00c1S: Todas las noticias de Champions League<\/strong><\/a><\/span><\/p>\n","protected":false},"excerpt":{"rendered":"<p>El egipcio queda descartado para enfrentar al Barcelona en Champions League <\/p>\n","protected":false},"author":20,"featured_media":332887,"comment_status":"closed","ping_status":"closed","sticky":false,"template":"","format":"standard","meta":[],"categories":[3841,3839,3848],"tags":[2618,36,5891],"_links":{"self":[{"href":"http:\/\/desarrollo.grupomedios.com\/futbol\/wp-json\/wp\/v2\/posts\/332880"}],"collection":[{"href":"http:\/\/desarrollo.grupomedios.com\/futbol\/wp-json\/wp\/v2\/posts"}],"about":[{"href":"http:\/\/desarrollo.grupomedios.com\/futbol\/wp-json\/wp\/v2\/types\/post"}],"author":[{"embeddable":true,"href":"http:\/\/desarrollo.grupomedios.com\/futbol\/wp-json\/wp\/v2\/users\/20"}],"replies":[{"embeddable":true,"href":"http:\/\/desarrollo.grupomedios.com\/futbol\/wp-json\/wp\/v2\/comments?post=332880"}],"version-history":[{"count":0,"href":"http:\/\/desarrollo.grupomedios.com\/futbol\/wp-json\/wp\/v2\/posts\/332880\/revisions"}],"wp:featuredmedia":[{"embeddable":true,"href":"http:\/\/desarrollo.grupomedios.com\/futbol\/wp-json\/wp\/v2\/media\/332887"}],"wp:attachment":[{"href":"http:\/\/desarrollo.grupomedios.com\/futbol\/wp-json\/wp\/v2\/media?parent=332880"}],"wp:term":[{"taxonomy":"category","embeddable":true,"href":"http:\/\/desarrollo.grupomedios.com\/futbol\/wp-json\/wp\/v2\/categories?post=332880"},{"taxonomy":"post_tag","embeddable":true,"href":"http:\/\/desarrollo.grupomedios.com\/futbol\/wp-json\/wp\/v2\/tags?post=332880"}],"curies":[{"name":"wp","href":"https:\/\/api.w.org\/{rel}","templated":true}]}}