{"id":332946,"date":"2015-11-10T13:27:42","date_gmt":"2015-11-10T18:27:42","guid":{"rendered":"http:\/\/futboltotal.com.mx\/?p=332946"},"modified":"2015-11-10T13:29:05","modified_gmt":"2015-11-10T18:29:05","slug":"talavera-contundente-respecto-a-la-situacion-memo-ochoa","status":"publish","type":"post","link":"http:\/\/desarrollo.grupomedios.com\/futbol\/destacado-home\/talavera-contundente-respecto-a-la-situacion-memo-ochoa\/2015\/11","title":{"rendered":"Talavera, contundente respecto a situaci\u00f3n Memo Ochoa"},"content":{"rendered":"<p>&#8220;Somos una selecci\u00f3n y somos hermanos. No hay envidia y al que le toque jugar sea un jugador local o al que venga de Europa lo va a hacer de la mejor manera y apoyando&#8221;, as\u00ed evit\u00f3 Alfredo Talavera cualquier pol\u00e9mica sobre el regreso de <strong>Memo Ochoa<\/strong> al <em>Tri<\/em>.<\/p>\n<p>&#8220;Estamos concentrados en darle todo a M\u00e9xico y si nos toca jugar vamos a divertirnos, a hacer lo que sabemos y si no, pues apoyar en todos los sentidos a nuestros compa\u00f1eros&#8221;, se\u00f1al\u00f3 el portero de Toluca, que de nueva cuenta fue cuestionado sobre la competencia con <strong>Memo Ochoa<\/strong>.<\/p>\n<p>&#8220;Bien por el futbol mexicano que haya una posici\u00f3n muy peleada como es la porter\u00eda y qu\u00e9 mejor no. \u00a0As\u00ed somos mejores cada d\u00eda&#8230; Es indiscutible la calidad de Memo. Todos lo conocemos pero las oportunidasdes est\u00e1n, todos partimos de cero&#8221;, describi\u00f3.<\/p>\n<p style=\"text-align: center;\"><span style=\"color: #3366ff;\"><strong><a style=\"color: #3366ff;\" href=\"http:\/\/futboltotal.com.mx\/2015\/11\/guillermo-ochoa-convocado-por-jerarquia-osorio\/\">LEER M\u00c1S: &#8220;Guillermo Ochoa, convocado por jerarqu\u00eda&#8221;: Osorio.\u00a0<\/a><\/strong><\/span><\/p>\n<p>&#8220;Sobre su llamado creo que es sorpresivo por lo mismo que no ha jugado pero el apoyo est\u00e1. En estos momentos es cuando hay que respaldar a un compa\u00f1ero que hizo tanto por la selecci\u00f3n y hay que animarlo porque no est\u00e1 jugando&#8221;, insisti\u00f3 Talavera.\u00a0&#8220;Somos un equipo, no nada m\u00e1s somos los once de la cancha, somos 25 y los que se van integrando. Desde el apoyo vamos partiendo en que somos una buena selecci\u00f3n&#8221;, reiter\u00f3 sobre la competencia por el puesto como portero del combinado nacional, sitio que disputa con <strong>Memo Ochoa<\/strong> y Mois\u00e9s Mu\u00f1oz.<\/p>\n<p>Por su parte, J\u00fcrgen Damm tambi\u00e9n opin\u00f3 sobre el nuevo ciclo y el tema Ochoa.\u00a0&#8220;No por jugar en Europa los va a poner. Es un entrenador justo y\u00a0en ese sentido todos estamos muy motivados de poder ganarnos un lugar en su once titular. Sabemos que es un entrenador que cambia alineaciones constantemente y eso es muy bueno para todos porque tenemos la oportunidad de jugar constantemente dependiendo si juega de local o visitante&#8221;, recalc\u00f3 el mediocampista de Tigres.<\/p>\n<p><span style=\"color: #ff0000;\"><strong>VIDEO: Liga MX | Top 5 goles, Jornada 16<\/strong><\/span><\/p>\n<p>[video_player]https:\/\/player.vimeo.com\/external\/145177984.hd.mp4?s=24cd5484bba0292c1bc9983156a50061953c3dc7&amp;profile_id=113[\/video_player]<\/p>\n","protected":false},"excerpt":{"rendered":"<p>El guardameta de Toluca expres\u00f3 su sentir hacia la convocatoria del futbolista del M\u00e1laga<\/p>\n","protected":false},"author":20,"featured_media":332947,"comment_status":"closed","ping_status":"closed","sticky":false,"template":"","format":"standard","meta":[],"categories":[5,2198,3847],"tags":[1617,6196,679],"_links":{"self":[{"href":"http:\/\/desarrollo.grupomedios.com\/futbol\/wp-json\/wp\/v2\/posts\/332946"}],"collection":[{"href":"http:\/\/desarrollo.grupomedios.com\/futbol\/wp-json\/wp\/v2\/posts"}],"about":[{"href":"http:\/\/desarrollo.grupomedios.com\/futbol\/wp-json\/wp\/v2\/types\/post"}],"author":[{"embeddable":true,"href":"http:\/\/desarrollo.grupomedios.com\/futbol\/wp-json\/wp\/v2\/users\/20"}],"replies":[{"embeddable":true,"href":"http:\/\/desarrollo.grupomedios.com\/futbol\/wp-json\/wp\/v2\/comments?post=332946"}],"version-history":[{"count":0,"href":"http:\/\/desarrollo.grupomedios.com\/futbol\/wp-json\/wp\/v2\/posts\/332946\/revisions"}],"wp:featuredmedia":[{"embeddable":true,"href":"http:\/\/desarrollo.grupomedios.com\/futbol\/wp-json\/wp\/v2\/media\/332947"}],"wp:attachment":[{"href":"http:\/\/desarrollo.grupomedios.com\/futbol\/wp-json\/wp\/v2\/media?parent=332946"}],"wp:term":[{"taxonomy":"category","embeddable":true,"href":"http:\/\/desarrollo.grupomedios.com\/futbol\/wp-json\/wp\/v2\/categories?post=332946"},{"taxonomy":"post_tag","embeddable":true,"href":"http:\/\/desarrollo.grupomedios.com\/futbol\/wp-json\/wp\/v2\/tags?post=332946"}],"curies":[{"name":"wp","href":"https:\/\/api.w.org\/{rel}","templated":true}]}}