{"id":333166,"date":"2015-11-11T11:47:38","date_gmt":"2015-11-11T16:47:38","guid":{"rendered":"http:\/\/futboltotal.com.mx\/?p=333166"},"modified":"2015-11-11T11:47:38","modified_gmt":"2015-11-11T16:47:38","slug":"del-bosque-no-nos-influyen-temas-politicos","status":"publish","type":"post","link":"http:\/\/desarrollo.grupomedios.com\/futbol\/futbol-internacional\/del-bosque-no-nos-influyen-temas-politicos\/2015\/11","title":{"rendered":"Del Bosque: \u201cNo nos influyen temas pol\u00edticos\u201d"},"content":{"rendered":"<p>A pesar de la actualidad pol\u00edtica que se vive en <strong>Espa\u00f1a<\/strong>, por la cercana independencia de Catalu\u00f1a de la naci\u00f3n ib\u00e9rica, el entrenador de la Roja, Vicente <strong>Del Bosque<\/strong> ha dejado en claro que dichos problemas no han influido en el interior del representativo, y por el contrario, hay armon\u00eda en todos los jugadores.<\/p>\n<p>&#8220;En la selecci\u00f3n podemos presumir de buena convivencia, no nos influyen temas pol\u00edticos, hemos tenido muchos catalanes. Nosotros estamos en la obligaci\u00f3n de aceptar a todos, da igual que sea un gallego o un catal\u00e1n, y en la selecci\u00f3n hay una relaci\u00f3n fant\u00e1stica&#8221;.<\/p>\n<p>Sin embargo, el reci\u00e9n ingresado al Sal\u00f3n de la Fama del Futbol, en Pachuca, \u00a0no se muestra ajeno al tema, por lo que espera que la buena relaci\u00f3n se conserve por mucho tiempo m\u00e1s.<\/p>\n<p style=\"text-align: center;\"><strong><span style=\"color: #3366ff;\"><a style=\"color: #3366ff;\" href=\"http:\/\/futboltotal.com.mx\/2015\/11\/del-bosque-destaca-cualidades-de-chicharito-y-vela\/\">LEER M\u00c1S: Del Bosque destaca cualidades de Vela y Chicharito<\/a><\/span><\/strong><\/p>\n<p>&#8220;En la mesa de los t\u00e9cnicos hemos hablado del tema y claro que estamos preocupados, aunque no lo percibimos en la selecci\u00f3n. Aqu\u00ed vienen todos con naturalidad a defender a la selecci\u00f3n pero s\u00ed estoy preocupado porque me gustar\u00eda que la intolerancia e intransigencia no existieran&#8221;, coment\u00f3.<\/p>\n<p>Ha trascendido que, de darse la independencia de Catalu\u00f1a sobre <strong>Espa\u00f1a<\/strong>, los equipos catalanes no podr\u00edan actuar en la liga ib\u00e9rica; lo que traer\u00eda repercusiones en el representativo nacional, ya que varios elementos de la <em>Roja<\/em>, son habituales titulares con <strong>Del Bosque<\/strong>.<\/p>\n","protected":false},"excerpt":{"rendered":"<p>El entrenador espa\u00f1ol no ve conflicto pol\u00edtico en su selecci\u00f3n<\/p>\n","protected":false},"author":20,"featured_media":333169,"comment_status":"closed","ping_status":"closed","sticky":false,"template":"","format":"standard","meta":[],"categories":[3839,5951],"tags":[2309,253,1883],"_links":{"self":[{"href":"http:\/\/desarrollo.grupomedios.com\/futbol\/wp-json\/wp\/v2\/posts\/333166"}],"collection":[{"href":"http:\/\/desarrollo.grupomedios.com\/futbol\/wp-json\/wp\/v2\/posts"}],"about":[{"href":"http:\/\/desarrollo.grupomedios.com\/futbol\/wp-json\/wp\/v2\/types\/post"}],"author":[{"embeddable":true,"href":"http:\/\/desarrollo.grupomedios.com\/futbol\/wp-json\/wp\/v2\/users\/20"}],"replies":[{"embeddable":true,"href":"http:\/\/desarrollo.grupomedios.com\/futbol\/wp-json\/wp\/v2\/comments?post=333166"}],"version-history":[{"count":0,"href":"http:\/\/desarrollo.grupomedios.com\/futbol\/wp-json\/wp\/v2\/posts\/333166\/revisions"}],"wp:featuredmedia":[{"embeddable":true,"href":"http:\/\/desarrollo.grupomedios.com\/futbol\/wp-json\/wp\/v2\/media\/333169"}],"wp:attachment":[{"href":"http:\/\/desarrollo.grupomedios.com\/futbol\/wp-json\/wp\/v2\/media?parent=333166"}],"wp:term":[{"taxonomy":"category","embeddable":true,"href":"http:\/\/desarrollo.grupomedios.com\/futbol\/wp-json\/wp\/v2\/categories?post=333166"},{"taxonomy":"post_tag","embeddable":true,"href":"http:\/\/desarrollo.grupomedios.com\/futbol\/wp-json\/wp\/v2\/tags?post=333166"}],"curies":[{"name":"wp","href":"https:\/\/api.w.org\/{rel}","templated":true}]}}