{"id":333181,"date":"2015-11-11T12:23:27","date_gmt":"2015-11-11T17:23:27","guid":{"rendered":"http:\/\/futboltotal.com.mx\/?p=333181"},"modified":"2015-11-11T12:23:27","modified_gmt":"2015-11-11T17:23:27","slug":"tigres-ya-contacto-posible-refuerzo-para-clausura-2016","status":"publish","type":"post","link":"http:\/\/desarrollo.grupomedios.com\/futbol\/futbol-mexicano\/tigres-ya-contacto-posible-refuerzo-para-clausura-2016\/2015\/11","title":{"rendered":"Tigres ya contact\u00f3 posible refuerzo para Clausura 2016"},"content":{"rendered":"<p>El delantero colombiano <strong>Carlos Ibarg\u00fcen<\/strong> acept\u00f3 que lo buscaron de <em><strong>Tigres<\/strong><\/em> para platicar sobre posiblemente reforzar al equipo para el pr\u00f3ximo Clausura 2016. El atacante de Cortul\u00faa en la liga cafetera coment\u00f3 a los medios que platic\u00f3 con Miguel \u00c1ngel Garza, dirigente felino cuando este visit\u00f3 el pa\u00eds.<\/p>\n<p style=\"text-align: center;\"><span style=\"color: #3366ff;\"><strong><a style=\"color: #3366ff;\" href=\"http:\/\/futboltotal.com.mx\/2015\/11\/futbol-de-estufa-rumbo-al-clausura-2016\/\" target=\"_blank\">LEER M\u00c1S: Futbol de Estufa, Clausura 2016<\/a><\/strong><\/span><\/p>\n<p>&#8220;Conoc\u00ed al delegado la semana pasada, estuvimos platicando, pero no ha habido nada concreto, s\u00f3lo pl\u00e1ticas,&#8221; dijo el atacante para<em> Multimedios Deportes<\/em>. Ibarg\u00fcen admiti\u00f3 que le &#8220;entusiasma&#8221; la posibilidad de llegar al equipo de la Liga MX para el siguiente semestre. Para concretar su llegada, el equipo de la Sultana tendr\u00e1 que desechar por lo menos un jugador for\u00e1neo.<\/p>\n<p>&#8220;El futbol mexicano me gusta mucho, lo sigo mucho en los partidos,&#8221; continu\u00f3 Ibarg\u00fcen. Adem\u00e1s del jugador de 20 a\u00f1os de edad, <em>Tigres<\/em> ha sido ligado a otros dos jugadores colombianos, f\u00f3rmula que ha servido de sobremanera para su ac\u00e9rrimo rival, Monterrey. Los <em>Rayados<\/em> actualmente poseen a jugadores de la talla de Edwin Cardona, Dorlan Pab\u00f3n y Stefan Medina en sus filas.<\/p>\n<p><em><strong>Tigres<\/strong><\/em> estar\u00eda buscando a Jefferson Duque y Harold Preciado, tambi\u00e9n delanteros colombianos al igual que Ibarg\u00fcen para reforzar su plantel de cara al Clausura 2016.<\/p>\n<p><span style=\"color: #ff0000;\"><strong>VIDEO: Top 5 goles | Liga MX, Jornada 16<\/strong><\/span><\/p>\n<p>[video_player]https:\/\/player.vimeo.com\/external\/145177984.hd.mp4?s=24cd5484bba0292c1bc9983156a50061953c3dc7&amp;profile_id=113[\/video_player]<\/p>\n","protected":false},"excerpt":{"rendered":"<p>El atacante colombiano tiene 20 a\u00f1os<\/p>\n","protected":false},"author":20,"featured_media":331823,"comment_status":"closed","ping_status":"closed","sticky":false,"template":"","format":"standard","meta":[],"categories":[2198,3845],"tags":[4847,5973],"_links":{"self":[{"href":"http:\/\/desarrollo.grupomedios.com\/futbol\/wp-json\/wp\/v2\/posts\/333181"}],"collection":[{"href":"http:\/\/desarrollo.grupomedios.com\/futbol\/wp-json\/wp\/v2\/posts"}],"about":[{"href":"http:\/\/desarrollo.grupomedios.com\/futbol\/wp-json\/wp\/v2\/types\/post"}],"author":[{"embeddable":true,"href":"http:\/\/desarrollo.grupomedios.com\/futbol\/wp-json\/wp\/v2\/users\/20"}],"replies":[{"embeddable":true,"href":"http:\/\/desarrollo.grupomedios.com\/futbol\/wp-json\/wp\/v2\/comments?post=333181"}],"version-history":[{"count":0,"href":"http:\/\/desarrollo.grupomedios.com\/futbol\/wp-json\/wp\/v2\/posts\/333181\/revisions"}],"wp:featuredmedia":[{"embeddable":true,"href":"http:\/\/desarrollo.grupomedios.com\/futbol\/wp-json\/wp\/v2\/media\/331823"}],"wp:attachment":[{"href":"http:\/\/desarrollo.grupomedios.com\/futbol\/wp-json\/wp\/v2\/media?parent=333181"}],"wp:term":[{"taxonomy":"category","embeddable":true,"href":"http:\/\/desarrollo.grupomedios.com\/futbol\/wp-json\/wp\/v2\/categories?post=333181"},{"taxonomy":"post_tag","embeddable":true,"href":"http:\/\/desarrollo.grupomedios.com\/futbol\/wp-json\/wp\/v2\/tags?post=333181"}],"curies":[{"name":"wp","href":"https:\/\/api.w.org\/{rel}","templated":true}]}}