{"id":333192,"date":"2015-11-11T14:42:28","date_gmt":"2015-11-11T19:42:28","guid":{"rendered":"http:\/\/futboltotal.com.mx\/?p=333192"},"modified":"2015-11-11T14:42:28","modified_gmt":"2015-11-11T19:42:28","slug":"xolos-busca-a-estrella-argentina-como-refuerzo","status":"publish","type":"post","link":"http:\/\/desarrollo.grupomedios.com\/futbol\/futbol-mexicano\/xolos-busca-a-estrella-argentina-como-refuerzo\/2015\/11","title":{"rendered":"Xolos busca a estrella argentina como refuerzo"},"content":{"rendered":"<p>El volante argentino <strong>Federico Mancuello<\/strong> ser\u00eda el primer se\u00f1alado para reforzar al <em><strong>Xolos<\/strong><\/em> de Miguel Herrera para el Clausura 2016. El entrenador a futuro de <strong>Tijuana<\/strong> viaj\u00f3 a Argentina a observar el partido de Independiente versus V\u00e9lez, donde seg\u00fan <em>Reforma<\/em>, el objetivo era el talentoso jugador de <em>El Rojo<\/em>.<\/p>\n<p style=\"text-align: center;\"><strong><a href=\"http:\/\/futboltotal.com.mx\/equipos\/tijuana\" target=\"_blank\">LEER M\u00c1S: Todas las notas de Xolos<\/a><\/strong><\/p>\n<p>Mancuello funge como capit\u00e1n de Independiente, y a sus 26 a\u00f1os, jam\u00e1s ha salido de Argentina. Salvo un periodo corto con Belgrano, el centrocampista ha jugado su carrera completa con su club actual.<\/p>\n<p>Seleccionado en dos ocasiones con Argentina, Federico Mancuello est\u00e1 cotizado en 7.5 millones de euros seg\u00fan Transfermarkt, por lo que el fichaje del jugador ser\u00eda nada barato para <em><strong>Xolos<\/strong><\/em>, un equipo acostumbrado en pagar cantidades menores en el extranjero. En tiempos anteriores, han fichado a elementos como Cristian Pellerano, Jos\u00e9 Sand, Dar\u00edo Benedetto y Gabriel Hauche del mercado sudamericano sin desembolsar cantidades enormes.<\/p>\n<p>La gira de Herrera por Argentina continu\u00f3 el fin de semana anterior, donde seg\u00fan el reporte citado observ\u00f3 otros dos partidos: River Plate vs. Newell&#8217;s Old Boys, y Hurac\u00e1n vs. Belgrano, donde la observaci\u00f3n de futbolistas y posibles refuerzos para Xolos continu\u00f3 hasta el lunes.<\/p>\n<p><span style=\"color: #ff0000;\"><strong>VIDEO: Top 5 goles, Liga MX, Jornada 16<\/strong><\/span><\/p>\n<p>[video_player]https:\/\/player.vimeo.com\/external\/145177984.hd.mp4?s=24cd5484bba0292c1bc9983156a50061953c3dc7&amp;profile_id=113[\/video_player]<\/p>\n<p>&nbsp;<\/p>\n","protected":false},"excerpt":{"rendered":"<p>La transferencia ser\u00eda una de las m\u00e1s caras del club fronterizo<\/p>\n","protected":false},"author":20,"featured_media":332534,"comment_status":"closed","ping_status":"closed","sticky":false,"template":"","format":"standard","meta":[],"categories":[2198,3845],"tags":[5974,1673],"_links":{"self":[{"href":"http:\/\/desarrollo.grupomedios.com\/futbol\/wp-json\/wp\/v2\/posts\/333192"}],"collection":[{"href":"http:\/\/desarrollo.grupomedios.com\/futbol\/wp-json\/wp\/v2\/posts"}],"about":[{"href":"http:\/\/desarrollo.grupomedios.com\/futbol\/wp-json\/wp\/v2\/types\/post"}],"author":[{"embeddable":true,"href":"http:\/\/desarrollo.grupomedios.com\/futbol\/wp-json\/wp\/v2\/users\/20"}],"replies":[{"embeddable":true,"href":"http:\/\/desarrollo.grupomedios.com\/futbol\/wp-json\/wp\/v2\/comments?post=333192"}],"version-history":[{"count":0,"href":"http:\/\/desarrollo.grupomedios.com\/futbol\/wp-json\/wp\/v2\/posts\/333192\/revisions"}],"wp:featuredmedia":[{"embeddable":true,"href":"http:\/\/desarrollo.grupomedios.com\/futbol\/wp-json\/wp\/v2\/media\/332534"}],"wp:attachment":[{"href":"http:\/\/desarrollo.grupomedios.com\/futbol\/wp-json\/wp\/v2\/media?parent=333192"}],"wp:term":[{"taxonomy":"category","embeddable":true,"href":"http:\/\/desarrollo.grupomedios.com\/futbol\/wp-json\/wp\/v2\/categories?post=333192"},{"taxonomy":"post_tag","embeddable":true,"href":"http:\/\/desarrollo.grupomedios.com\/futbol\/wp-json\/wp\/v2\/tags?post=333192"}],"curies":[{"name":"wp","href":"https:\/\/api.w.org\/{rel}","templated":true}]}}