{"id":333197,"date":"2015-11-11T14:55:56","date_gmt":"2015-11-11T19:55:56","guid":{"rendered":"http:\/\/futboltotal.com.mx\/?p=333197"},"modified":"2015-11-11T14:58:55","modified_gmt":"2015-11-11T19:58:55","slug":"eduardo-herrera-suena-con-jugar-en-europa","status":"publish","type":"post","link":"http:\/\/desarrollo.grupomedios.com\/futbol\/futbol-mexicano\/eduardo-herrera-suena-con-jugar-en-europa\/2015\/11","title":{"rendered":"Eduardo Herrera sue\u00f1a con jugar en Europa"},"content":{"rendered":"<p>El delantero y m\u00e1ximo anotador de los <strong><a href=\"http:\/\/www.futboltotal.com.mx\/equipos\/unam\/\" target=\"_blank\">Pumas<\/a><\/strong> en este Apertura 2015, <strong>Eduardo Herrera<\/strong>, revel\u00f3 que aspira a salir del pa\u00eds y jugar en Europa; sabe que ya no es tan joven para emigrar, pero tiene posibilidades y trabajar\u00e1 para poder salir.<\/p>\n<p><strong>Eduardo Herrera<\/strong> quiere conseguir su pase a alg\u00fan club de Europa a la brevedad posible, por ello se empe\u00f1ar\u00e1 en su labor con <strong>Pumas<\/strong> para tambi\u00e9n conseguir participar con la Selecci\u00f3n Mexicana. \u201cTiene que ser ya. Tengo 27 a\u00f1os; ya no soy un jovencito\u201d, revel\u00f3 el delantero en una entrevista con <em>ESPN<\/em>.<\/p>\n<p>El delantero de los Pumas est\u00e1 convencido de que se puede conseguir ese objetivo, s\u00f3lo necesita seguir esforz\u00e1ndose; pues sabe que los delanteros mexicanos tienen mucha calidad, por eso ya hay varios con experiencia en el <em>viejo continente<\/em>.<\/p>\n<p style=\"text-align: center;\"><span style=\"color: #3366ff;\"><strong><a style=\"color: #3366ff;\" href=\"http:\/\/futboltotal.com.mx\/2015\/11\/liga-mx-liguilla-al-momento\/\" target=\"_blank\">LEER M\u00c1S: La liguilla al momento&#8230;<\/a><\/strong><\/span><\/p>\n<p>&#8220;Obvio, es una ilusi\u00f3n, un sue\u00f1o que tengo y ojal\u00e1 se concrete. Estoy convencido que si se hacen cosas bien se podr\u00eda abrir esta posibilidad&#8221;, asever\u00f3 <strong>Eduardo Herrera<\/strong>.<\/p>\n<p>Por otra parte, el ariete auriazul se\u00f1al\u00f3 que los <strong>Puma<\/strong>s est\u00e1n listos para la liguilla, y no les importa la maldici\u00f3n del l\u00edder general.<\/p>\n<p>&#8220;No pensamos en eso, sino en mantener el buen paso que tenemos. El equipo se ha mostrado regular y equilibrado ofensiva y defensivamente. No estamos interesados en eso; pensamos que el liderato nos ayudar\u00e1 a ponernos en una mejor posici\u00f3n en la liguilla y hacernos fuertes en esta fase para lograr el t\u00edtulo&#8221;, sentenci\u00f3 <strong>Eduardo Herrera<\/strong>.<\/p>\n<p><span style=\"color: #ff0000;\"><strong>VIDEO: Top 5 goles | Liga MX, Jornada 16<\/strong><\/span><\/p>\n<p>[video_player]https:\/\/player.vimeo.com\/external\/145177984.hd.mp4?s=24cd5484bba0292c1bc9983156a50061953c3dc7&amp;profile_id=113[\/video_player]<\/p>\n","protected":false},"excerpt":{"rendered":"<p>El ariete se\u00f1ala que pese a que ya no es tan joven, a\u00fan tiene posibilidades<\/p>\n","protected":false},"author":20,"featured_media":333204,"comment_status":"closed","ping_status":"closed","sticky":false,"template":"","format":"standard","meta":[],"categories":[2198,3845,5950],"tags":[1140,74],"_links":{"self":[{"href":"http:\/\/desarrollo.grupomedios.com\/futbol\/wp-json\/wp\/v2\/posts\/333197"}],"collection":[{"href":"http:\/\/desarrollo.grupomedios.com\/futbol\/wp-json\/wp\/v2\/posts"}],"about":[{"href":"http:\/\/desarrollo.grupomedios.com\/futbol\/wp-json\/wp\/v2\/types\/post"}],"author":[{"embeddable":true,"href":"http:\/\/desarrollo.grupomedios.com\/futbol\/wp-json\/wp\/v2\/users\/20"}],"replies":[{"embeddable":true,"href":"http:\/\/desarrollo.grupomedios.com\/futbol\/wp-json\/wp\/v2\/comments?post=333197"}],"version-history":[{"count":0,"href":"http:\/\/desarrollo.grupomedios.com\/futbol\/wp-json\/wp\/v2\/posts\/333197\/revisions"}],"wp:featuredmedia":[{"embeddable":true,"href":"http:\/\/desarrollo.grupomedios.com\/futbol\/wp-json\/wp\/v2\/media\/333204"}],"wp:attachment":[{"href":"http:\/\/desarrollo.grupomedios.com\/futbol\/wp-json\/wp\/v2\/media?parent=333197"}],"wp:term":[{"taxonomy":"category","embeddable":true,"href":"http:\/\/desarrollo.grupomedios.com\/futbol\/wp-json\/wp\/v2\/categories?post=333197"},{"taxonomy":"post_tag","embeddable":true,"href":"http:\/\/desarrollo.grupomedios.com\/futbol\/wp-json\/wp\/v2\/tags?post=333197"}],"curies":[{"name":"wp","href":"https:\/\/api.w.org\/{rel}","templated":true}]}}