{"id":333403,"date":"2015-11-12T08:30:54","date_gmt":"2015-11-12T13:30:54","guid":{"rendered":"http:\/\/futboltotal.com.mx\/?p=333403"},"modified":"2015-11-12T09:56:20","modified_gmt":"2015-11-12T14:56:20","slug":"top-10-los-jugadores-de-brasil-y-argentina-que-se-quedaron-en-promesas","status":"publish","type":"post","link":"http:\/\/desarrollo.grupomedios.com\/futbol\/futbol-internacional\/top-10-los-jugadores-de-brasil-y-argentina-que-se-quedaron-en-promesas\/2015\/11","title":{"rendered":"Top 10 | Brasil, Argentina, y sus eternas promesas"},"content":{"rendered":"<p>El d\u00eda de hoy se jugara una nueva edici\u00f3n del <strong>Cl\u00e1sico Sudamericano<\/strong> entre <strong>Brasil<\/strong> y <strong>Argentina<\/strong>. Ambas selecciones est\u00e1n obligadas al triunfo, ya que su inicio no fue del todo agradable para la afici\u00f3n, que est\u00e1 acostumbrada a ver elementos que llegan a ser m\u00e1s que fundamentales en cada representativo.<\/p>\n<p><strong>Argentina<\/strong> y <strong>Brasil<\/strong> viven momentos muy alejados a los que les dieron la fama de potencias mundiales. Mientras la albiceleste habla de una Messi-dependencia, cuando antes sobraban las figuras al ataque, la <em>verdeamarella<\/em> se olvido de referentes en la delantera como Rivaldo, Bebeto y Ronaldo, para ahora enaltecer a los Silva, los Luiz y los Marcelo; elementos defensivos.<\/p>\n<p>En v\u00edsperas del <strong>Cl\u00e1sico Sudamericano<\/strong>, en el cual la afici\u00f3n espera espect\u00e1culo y goles, aqu\u00ed te presentamos a los diez elementos de ambas selecciones, de las que se esperaba mucho, y que al final, solo quedaron como promesas.<\/p>\n<p><strong><span style=\"color: #ff0000;\">Adriano |<\/span><\/strong> el delantero brasile\u00f1o comenz\u00f3 a llamar la atenci\u00f3n del mundo por su capacidad goleadora con el Inter de Mil\u00e1n, sus cualidades le dieron el lugar de Ronaldo en el ataque carioca, pero su baja de nivel y sus problemas extracancha lo fueron devaluando hasta terminar su carrera en la liga local, y sin ganarse el coraz\u00f3n de la torcida brasile\u00f1a.<\/p>\n<p><a href=\"http:\/\/futboltotal.com.mx\/wp-content\/uploads\/2015\/11\/Adriano2.jpg\"><img decoding=\"async\" loading=\"lazy\" class=\"alignnone wp-image-333411 size-full\" src=\"http:\/\/futboltotal.com.mx\/wp-content\/uploads\/2015\/11\/Adriano2.jpg\" alt=\"Brazil's soccer player Adriano, who plays for Inter Milan of Italy, kicks the ball during a training session of Brazil's National team in Teresopolis, Brazil, on Friday, June 3, 2005. Brazil will face Paraguay in a World Cup match on Sunday, June 5, in the Brazilian city of Porto Alegre. (AP Photo\/Maurilio Cheli)\" srcset=\"http:\/\/desarrollo.grupomedios.com\/futbol\/wp-content\/uploads\/2015\/11\/Adriano2.jpg 820w, http:\/\/desarrollo.grupomedios.com\/futbol\/wp-content\/uploads\/2015\/11\/Adriano2-300x110.jpg 300w\" sizes=\"(max-width: 820px) 100vw, 820px\" \/><\/a><\/p>\n<p><strong><span style=\"color: #ff0000;\">Andr\u00e9s D\u00b4Alessandro |<\/span><\/strong> Maravill\u00f3 desde sus inicios en las filas del River Plate; por lo que llamo r\u00e1pido la atenci\u00f3n del representativo nacional, con el que gan\u00f3 los t\u00edtulos mundiales de la categor\u00eda Sub-20, adem\u00e1s de una medalla de oro en Juegos Ol\u00edmpicos; pero esa inercia no la pudo trasladar a la selecci\u00f3n mayor. Su baja de nivel en clubes europeos lo alejo de la albiceleste; y ahora da destellos en el futbol brasile\u00f1o.<\/p>\n<p>&nbsp;<\/p>\n<p>&nbsp;<\/p>\n<p><a href=\"http:\/\/futboltotal.com.mx\/wp-content\/uploads\/2015\/11\/Andres.jpg\"><img decoding=\"async\" loading=\"lazy\" class=\"alignnone wp-image-333410 size-full\" src=\"http:\/\/futboltotal.com.mx\/wp-content\/uploads\/2015\/11\/Andres.jpg\" alt=\"Andres\" srcset=\"http:\/\/desarrollo.grupomedios.com\/futbol\/wp-content\/uploads\/2015\/11\/Andres.jpg 820w, http:\/\/desarrollo.grupomedios.com\/futbol\/wp-content\/uploads\/2015\/11\/Andres-300x110.jpg 300w\" sizes=\"(max-width: 820px) 100vw, 820px\" \/><\/a><\/p>\n<p><strong><span style=\"color: #ff0000;\">Alexandre Pato |<\/span><\/strong> Su muestra de calidad a los, apenas, 18 a\u00f1os, le dieron un lugar en el futbol europeo; y un acceso r\u00e1pido a la selecci\u00f3n carioca, pero su baja de nivel, y su retorno al futbol local repercutieron tambi\u00e9n en el representativo nacional. A\u00fan tiene 26 a\u00f1os, y parece ser que est\u00e1 regresando al nivel que lo dio a conocer al mundo; por lo que podr\u00eda tener muy pronto una segunda oportunidad con la <em>verdeamarella<\/em>.<\/p>\n<p><a href=\"http:\/\/futboltotal.com.mx\/wp-content\/uploads\/2015\/11\/Pato.jpg\"><img decoding=\"async\" loading=\"lazy\" class=\"alignnone wp-image-333413 size-full\" src=\"http:\/\/futboltotal.com.mx\/wp-content\/uploads\/2015\/11\/Pato.jpg\" alt=\"BEIJING, CHINA - OCTOBER 15: (CHINA OUT) Alexandre Pato #9 of Brazil gestures during the international friendly match between Brazil and Zambia at Beijing National Stadium on October 15, 2013 in Beijing, China. (Photo by ChinaFotoPress\/ChinaFotoPress via Getty Images)\" srcset=\"http:\/\/desarrollo.grupomedios.com\/futbol\/wp-content\/uploads\/2015\/11\/Pato.jpg 820w, http:\/\/desarrollo.grupomedios.com\/futbol\/wp-content\/uploads\/2015\/11\/Pato-300x110.jpg 300w\" sizes=\"(max-width: 820px) 100vw, 820px\" \/><\/a><\/p>\n<p><span style=\"color: #ff0000;\"><strong>Fernando Gago |<\/strong><\/span> Surgido de las b\u00e1sicas del Boca Juniors, Fernando Gago fue r\u00e1pidamente comparado con un maestro en la defensa albiceleste, Fernando Redondo. Dicha fama le dio un espacio en el Real Madrid y en la albiceleste; donde dejo claro que la vara que dej\u00f3 Redondo est\u00e1 muy alta; por lo que no influyo en ambos conjuntos. Regreso con el equipo boquense, donde espera retomar su nivel.<\/p>\n<p><a href=\"http:\/\/futboltotal.com.mx\/wp-content\/uploads\/2015\/11\/gago.jpg\"><img decoding=\"async\" loading=\"lazy\" class=\"alignnone wp-image-333409 size-full\" src=\"http:\/\/futboltotal.com.mx\/wp-content\/uploads\/2015\/11\/gago.jpg\" alt=\"gago\" srcset=\"http:\/\/desarrollo.grupomedios.com\/futbol\/wp-content\/uploads\/2015\/11\/gago.jpg 820w, http:\/\/desarrollo.grupomedios.com\/futbol\/wp-content\/uploads\/2015\/11\/gago-300x110.jpg 300w\" sizes=\"(max-width: 820px) 100vw, 820px\" \/><\/a><\/p>\n<p><span style=\"color: #ff0000;\"><strong>Robinho |<\/strong><\/span> Tal vez la mayor decepci\u00f3n de la selecci\u00f3n de Brasil se la llevaron con Robinho. El m\u00edtico Pel\u00e9 tuvo la osad\u00eda de decir que Robinho era su sucesor; tal vez motivado por su capacidad goleadora con Santos y sus t\u00edtulos ganados; sin embargo, el carioca demostr\u00f3 con creces que tal nombramiento le qued\u00f3 enorme, al no brillar en su arribo a Europa con el Real Madrid, Manchester City o el AC Mil\u00e1n; situaci\u00f3n que no lo hicieron brillar con Brasil.<\/p>\n<p><a href=\"http:\/\/futboltotal.com.mx\/wp-content\/uploads\/2015\/11\/Robinho.jpg\"><img decoding=\"async\" loading=\"lazy\" class=\"alignnone wp-image-333408 size-full\" src=\"http:\/\/futboltotal.com.mx\/wp-content\/uploads\/2015\/11\/Robinho.jpg\" alt=\"Robinho\" srcset=\"http:\/\/desarrollo.grupomedios.com\/futbol\/wp-content\/uploads\/2015\/11\/Robinho.jpg 820w, http:\/\/desarrollo.grupomedios.com\/futbol\/wp-content\/uploads\/2015\/11\/Robinho-300x110.jpg 300w\" sizes=\"(max-width: 820px) 100vw, 820px\" \/><\/a><\/p>\n<p><span style=\"color: #ff0000;\"><strong>Federico Nicosia |<\/strong><\/span> El portero logro ser parte del proceso formativo de varias selecciones inferiores de Argentina; recibiendo elogios en cada torneo en el que participara. Muchos lo vislumbraban como el \u00fanico capaz de tomar la batuta de Roberto Abbondanzieri; pero una lesi\u00f3n, y su navegar en equipos de media tabla en Italia y Per\u00fa terminaron por mermarlo del seleccionado.<\/p>\n<p><a href=\"http:\/\/futboltotal.com.mx\/wp-content\/uploads\/2015\/11\/Nicosia.jpg\"><img decoding=\"async\" loading=\"lazy\" class=\"alignnone wp-image-333407 size-full\" src=\"http:\/\/futboltotal.com.mx\/wp-content\/uploads\/2015\/11\/Nicosia.jpg\" alt=\"Nicosia\" srcset=\"http:\/\/desarrollo.grupomedios.com\/futbol\/wp-content\/uploads\/2015\/11\/Nicosia.jpg 820w, http:\/\/desarrollo.grupomedios.com\/futbol\/wp-content\/uploads\/2015\/11\/Nicosia-300x110.jpg 300w\" sizes=\"(max-width: 820px) 100vw, 820px\" \/><\/a><\/p>\n<p><strong><span style=\"color: #ff0000;\">Luis Fabiano |<\/span><\/strong> Tenia la experiencia, constancia y goles, en el futbol europeo. Obviamente fue considerado para la selecci\u00f3n nacional de Brasil; sin embargo, la falta de identidad total con la afici\u00f3n fue clara; la torcida no lograba identificarse con \u00e9l; y el goleador tampoco busc\u00f3 un rol protag\u00f3nico, dejando en claro que con la afici\u00f3n brasile\u00f1a pesa igual la calidad y el carisma de los jugadores.<\/p>\n<p><a href=\"http:\/\/futboltotal.com.mx\/wp-content\/uploads\/2015\/11\/Fabiano.jpg\"><img decoding=\"async\" loading=\"lazy\" class=\"wp-image-333406 size-full\" src=\"http:\/\/futboltotal.com.mx\/wp-content\/uploads\/2015\/11\/Fabiano.jpg\" alt=\"Brazil's Luis Fabiano reacts after scoring his second goal during their Confederations Cup Group B soccer match against Italy at Loftus Versfeld Stadium in Pretoria, South Africa, Sunday, June 21, 2009. (AP Photo\/Antonio Calanni)\" srcset=\"http:\/\/desarrollo.grupomedios.com\/futbol\/wp-content\/uploads\/2015\/11\/Fabiano.jpg 820w, http:\/\/desarrollo.grupomedios.com\/futbol\/wp-content\/uploads\/2015\/11\/Fabiano-300x110.jpg 300w\" sizes=\"(max-width: 820px) 100vw, 820px\" \/><\/a><\/p>\n<p><strong><span style=\"color: #ff0000;\">Luciano Figueroa |<\/span><\/strong> Curiosamente, el caso de Lucho Figueroa no fue por un nivel bajo; de hecho, a pesar de los momentos que viviese con su club, casualmente respond\u00eda bien con la el\u00e1stica albiceleste; sin embargo, no lograba ponerse en los reflectores del mundo; gracias a su estad\u00eda en equipos con no tanto renombre.<\/p>\n<p><a href=\"http:\/\/futboltotal.com.mx\/wp-content\/uploads\/2015\/11\/figueroa.jpg\"><img decoding=\"async\" loading=\"lazy\" class=\"alignnone wp-image-333405 size-full\" src=\"http:\/\/futboltotal.com.mx\/wp-content\/uploads\/2015\/11\/figueroa.jpg\" alt=\"figueroa\" srcset=\"http:\/\/desarrollo.grupomedios.com\/futbol\/wp-content\/uploads\/2015\/11\/figueroa.jpg 820w, http:\/\/desarrollo.grupomedios.com\/futbol\/wp-content\/uploads\/2015\/11\/figueroa-300x110.jpg 300w\" sizes=\"(max-width: 820px) 100vw, 820px\" \/><\/a><\/p>\n<p><strong><span style=\"color: #ff0000;\">Hulk |<\/span><\/strong> El fornido delantero del Zenit de San Petesburgo es un habitual convocado con Brasil, a pesar de ello, en tantos llamados, no ha logrado ser ese referente en el ataque que su posici\u00f3n obliga. Adem\u00e1s, el futbol ruso no le exige mucho, y en cada competencia internacional, no logra destacar con su club.<\/p>\n<p><a href=\"http:\/\/futboltotal.com.mx\/wp-content\/uploads\/2015\/11\/hulk.jpg\"><img decoding=\"async\" loading=\"lazy\" class=\"alignnone wp-image-333404 size-full\" src=\"http:\/\/futboltotal.com.mx\/wp-content\/uploads\/2015\/11\/hulk.jpg\" alt=\"hulk\" srcset=\"http:\/\/desarrollo.grupomedios.com\/futbol\/wp-content\/uploads\/2015\/11\/hulk.jpg 820w, http:\/\/desarrollo.grupomedios.com\/futbol\/wp-content\/uploads\/2015\/11\/hulk-300x110.jpg 300w\" sizes=\"(max-width: 820px) 100vw, 820px\" \/><\/a><\/p>\n<p><span style=\"color: #ff0000;\"><strong>Pablo Vitti |<\/strong><\/span> En Rosario Central presum\u00edan de contar con el futuro referente al ataque en la selecci\u00f3n Argentina, Pablo Vitti. Elemento que destac\u00f3 en la Sub-20 del campeonato mundial del 2005, y al cu\u00e1l le ve\u00edan una rivalidad fuerte con Messi; sin embargo, comenz\u00f3 su andar en ligas de no tanto renombre, como la peruana o la ucraniana, por lo que poco a poco se perdi\u00f3 de los reflectores mundiales.<\/p>\n<p><a href=\"http:\/\/futboltotal.com.mx\/wp-content\/uploads\/2015\/11\/vitti.jpg\"><img decoding=\"async\" loading=\"lazy\" class=\"wp-image-333412 size-full\" src=\"http:\/\/futboltotal.com.mx\/wp-content\/uploads\/2015\/11\/vitti.jpg\" alt=\"Ambato Ecuador 34\/09\/2012 Campeonato Nacional de F\u00fatbol, Estadio Bellavista de Ambato, partido entre el Macar\u00e1 contra la Liga de Quito, en la foto Pablo Vitti foto:GDA\/Vicente Costales\/El Comercio\/Ecuador\" srcset=\"http:\/\/desarrollo.grupomedios.com\/futbol\/wp-content\/uploads\/2015\/11\/vitti.jpg 820w, http:\/\/desarrollo.grupomedios.com\/futbol\/wp-content\/uploads\/2015\/11\/vitti-300x110.jpg 300w\" sizes=\"(max-width: 820px) 100vw, 820px\" \/><\/a><\/p>\n","protected":false},"excerpt":{"rendered":"<p>Varios elementos quedaron lejos de las expectativas dentro de su selecci\u00f3n<\/p>\n","protected":false},"author":20,"featured_media":333414,"comment_status":"closed","ping_status":"closed","sticky":false,"template":"","format":"standard","meta":[],"categories":[3839,5951],"tags":[5996,6009,6470],"_links":{"self":[{"href":"http:\/\/desarrollo.grupomedios.com\/futbol\/wp-json\/wp\/v2\/posts\/333403"}],"collection":[{"href":"http:\/\/desarrollo.grupomedios.com\/futbol\/wp-json\/wp\/v2\/posts"}],"about":[{"href":"http:\/\/desarrollo.grupomedios.com\/futbol\/wp-json\/wp\/v2\/types\/post"}],"author":[{"embeddable":true,"href":"http:\/\/desarrollo.grupomedios.com\/futbol\/wp-json\/wp\/v2\/users\/20"}],"replies":[{"embeddable":true,"href":"http:\/\/desarrollo.grupomedios.com\/futbol\/wp-json\/wp\/v2\/comments?post=333403"}],"version-history":[{"count":0,"href":"http:\/\/desarrollo.grupomedios.com\/futbol\/wp-json\/wp\/v2\/posts\/333403\/revisions"}],"wp:featuredmedia":[{"embeddable":true,"href":"http:\/\/desarrollo.grupomedios.com\/futbol\/wp-json\/wp\/v2\/media\/333414"}],"wp:attachment":[{"href":"http:\/\/desarrollo.grupomedios.com\/futbol\/wp-json\/wp\/v2\/media?parent=333403"}],"wp:term":[{"taxonomy":"category","embeddable":true,"href":"http:\/\/desarrollo.grupomedios.com\/futbol\/wp-json\/wp\/v2\/categories?post=333403"},{"taxonomy":"post_tag","embeddable":true,"href":"http:\/\/desarrollo.grupomedios.com\/futbol\/wp-json\/wp\/v2\/tags?post=333403"}],"curies":[{"name":"wp","href":"https:\/\/api.w.org\/{rel}","templated":true}]}}