{"id":333467,"date":"2015-11-12T12:20:47","date_gmt":"2015-11-12T17:20:47","guid":{"rendered":"http:\/\/futboltotal.com.mx\/?p=333467"},"modified":"2015-11-12T12:20:47","modified_gmt":"2015-11-12T17:20:47","slug":"platini-excluido-de-los-candidatos-a-presidencia-fifa","status":"publish","type":"post","link":"http:\/\/desarrollo.grupomedios.com\/futbol\/futbol-internacional\/platini-excluido-de-los-candidatos-a-presidencia-fifa\/2015\/11","title":{"rendered":"Platini, excluido de los candidatos a presidencia FIFA"},"content":{"rendered":"<p>Michel <strong>Platini<\/strong> ver\u00e1 de lejos, de nueva cuenta, la silla de la <strong>presidencia de la FIFA<\/strong>, toda vez que el m\u00e1ximo organismo rector del balompi\u00e9 ha definido a sus <strong>cinco candidatos<\/strong> para suceder el cargo que reposaba en la persona de Joseph Blatter, y en cuya lista no est\u00e1 incluido el franc\u00e9s.<\/p>\n<p>Los aprobados para competir por la presidencia son el pr\u00edncipe Ali Al Hussein, de Jordania, el jeque Salman Bin Ebrahim Al Khalifa, de Bahrein, Jerome Champagne, de Francia, Gianni Infantino, de Suiza y Tokio Sexwale, de Sud\u00e1frica. Otro candidato que queda fuera de las elecciones es el liberiano Musa Hassan Bility.<\/p>\n<p style=\"text-align: center;\"><strong><span style=\"color: #3366ff;\"><a style=\"color: #3366ff;\" href=\"http:\/\/futboltotal.com.mx\/2015\/10\/blatter-y-platini-suspendidos-de-fifa\/\">LEER M\u00c1S: Blatter y Platini, suspendidos por FIFA<\/a><\/span><\/strong><\/p>\n<p>Todo parece indicar que <strong>Platini<\/strong> podr\u00eda apelar la decisi\u00f3n, y podr\u00eda volver a la contienda por la presidencia de la FIFA, sin embargo, tendr\u00e1 que hacerlo, una vez que concluya su sanci\u00f3n de veto de 90 d\u00edas de toda actividad referente al futbol; esto, debido a sus posibles actos de corrupci\u00f3n con el a\u00fan presidente de la FIFA.<\/p>\n<p>&#8220;La revisi\u00f3n de integridad incluy\u00f3 un an\u00e1lisis del historial corporativo, litigios, procesos de bancarrota, potenciales acciones regulatorias adoptadas contra el candidato y reportes de los medios acerca de posibles banderas rojas (comportamiento fraudulento, manipulaci\u00f3n de partidos, violaciones de derechos humanos, etc.)&#8221;, fue el argumento del comit\u00e9 de selecci\u00f3n, para definir a los candidatos.<\/p>\n<p>La jornada electoral tendr\u00e1 lugar el pr\u00f3ximo 26 de febrero, en Z\u00farich, Suiza.<\/p>\n","protected":false},"excerpt":{"rendered":"<p>Las investigaciones por casos de corrupci\u00f3n le pasan factura al franc\u00e9s<\/p>\n","protected":false},"author":20,"featured_media":333473,"comment_status":"closed","ping_status":"closed","sticky":false,"template":"","format":"standard","meta":[],"categories":[3839,5951],"tags":[6472,1097,361,1378,5070],"_links":{"self":[{"href":"http:\/\/desarrollo.grupomedios.com\/futbol\/wp-json\/wp\/v2\/posts\/333467"}],"collection":[{"href":"http:\/\/desarrollo.grupomedios.com\/futbol\/wp-json\/wp\/v2\/posts"}],"about":[{"href":"http:\/\/desarrollo.grupomedios.com\/futbol\/wp-json\/wp\/v2\/types\/post"}],"author":[{"embeddable":true,"href":"http:\/\/desarrollo.grupomedios.com\/futbol\/wp-json\/wp\/v2\/users\/20"}],"replies":[{"embeddable":true,"href":"http:\/\/desarrollo.grupomedios.com\/futbol\/wp-json\/wp\/v2\/comments?post=333467"}],"version-history":[{"count":0,"href":"http:\/\/desarrollo.grupomedios.com\/futbol\/wp-json\/wp\/v2\/posts\/333467\/revisions"}],"wp:featuredmedia":[{"embeddable":true,"href":"http:\/\/desarrollo.grupomedios.com\/futbol\/wp-json\/wp\/v2\/media\/333473"}],"wp:attachment":[{"href":"http:\/\/desarrollo.grupomedios.com\/futbol\/wp-json\/wp\/v2\/media?parent=333467"}],"wp:term":[{"taxonomy":"category","embeddable":true,"href":"http:\/\/desarrollo.grupomedios.com\/futbol\/wp-json\/wp\/v2\/categories?post=333467"},{"taxonomy":"post_tag","embeddable":true,"href":"http:\/\/desarrollo.grupomedios.com\/futbol\/wp-json\/wp\/v2\/tags?post=333467"}],"curies":[{"name":"wp","href":"https:\/\/api.w.org\/{rel}","templated":true}]}}