{"id":333490,"date":"2015-11-12T15:48:31","date_gmt":"2015-11-12T20:48:31","guid":{"rendered":"http:\/\/futboltotal.com.mx\/?p=333490"},"modified":"2015-11-12T15:48:31","modified_gmt":"2015-11-12T20:48:31","slug":"talavera-mas-efectivo-que-ochoa-y-munoz","status":"publish","type":"post","link":"http:\/\/desarrollo.grupomedios.com\/futbol\/destacado-home\/talavera-mas-efectivo-que-ochoa-y-munoz\/2015\/11","title":{"rendered":"Talavera, m\u00e1s efectivo que Ochoa y Mu\u00f1oz"},"content":{"rendered":"<p>De los tres porteros convocados por Juan Carlos Osorio a la <strong>Selecci\u00f3n Mexicana<\/strong>, <strong>Guillermo Ochoa<\/strong> destaca por su trayectoria internacional, aunque en este momento le pesa la nula actividad en la liga espa\u00f1ola con el M\u00e1laga, mientras que <strong>Mois\u00e9s Mu\u00f1oz<\/strong> y <strong>Alfredo Talavera<\/strong> se han mantenido en las convocatorias recientes.<\/p>\n<p>Y en un singular ejercicio, se demuestra que el portero del Toluca, por efectividad, aventaja a los tres.<\/p>\n<p><a href=\"http:\/\/futboltotal.com.mx\/wp-content\/uploads\/2015\/11\/tabla-porteros.jpg\"><img decoding=\"async\" loading=\"lazy\" class=\"aligncenter size-full wp-image-333492\" src=\"http:\/\/futboltotal.com.mx\/wp-content\/uploads\/2015\/11\/tabla-porteros.jpg\" alt=\"tabla-porteros\" srcset=\"http:\/\/desarrollo.grupomedios.com\/futbol\/wp-content\/uploads\/2015\/11\/tabla-porteros.jpg 820w, http:\/\/desarrollo.grupomedios.com\/futbol\/wp-content\/uploads\/2015\/11\/tabla-porteros-220x300.jpg 220w, http:\/\/desarrollo.grupomedios.com\/futbol\/wp-content\/uploads\/2015\/11\/tabla-porteros-751x1024.jpg 751w\" sizes=\"(max-width: 820px) 100vw, 820px\" \/><\/a><\/p>\n<p><strong>Guillermo Ochoa<\/strong><\/p>\n<p>Lo avala su experiencia internacional: fue parte de las plantillas que acudieron a los mundiales de Alemania 2006 y Sud\u00e1frica 2010, aunque no jug\u00f3. Por el contrario, en Brasil 2014 fue titular en los cuatro partidos disputados por M\u00e9xico.<\/p>\n<p>En nuestro pa\u00eds fue campe\u00f3n con Am\u00e9rica en el Clausura 2005 y obtuvo los Balones de Oro al mejor portero del Apertura 2006 y Clausura 2007. En Francia fue el mejor jugador del Ajaccio en 2012. Pese a su palmar\u00e9s, con el M\u00e1laga, su actual club, no ha tenido participaci\u00f3n en la Liga espa\u00f1ola y eso le puede quitar ritmo de juego.<\/p>\n<p><strong>Mois\u00e9s Mu\u00f1oz<\/strong><\/p>\n<p>A nivel de selecci\u00f3n ha tenido poca actividad. Lo m\u00e1s destacado ha sido su titularidad en los juegos de Repechaje ante Nueva Zelanda en 2013, clasificatorio al Mundial de 2014,\u00a0y ante Estados Unidos en 2015, por el\u00a0pase a la Copa Confederaciones de 2017. Tambi\u00e9n form\u00f3 parte del plantel que gan\u00f3 la Copa Oro de este mismo a\u00f1o, aunque no jug\u00f3.\u00a0A nivel de clubes ha sido factor clave en las t\u00edtulos del Am\u00e9rica en los torneos Clausura 2013 (en donde meti\u00f3 un gol) y Apertura 2014.<\/p>\n<p><strong>Alfredo Talavera<\/strong><\/p>\n<p>Fue titular del <em>Tri<\/em> en cuatro juegos de la Copa Oro 2011 -incluida la Final, en la que M\u00e9xico derrot\u00f3 4-2 a Estados Unidos-. Disput\u00f3 los 90 minutos en el triunfo de 2-0 sobre El Salvador, en partido del 16 de octubre de 2012 de la tercera fase eliminatoria al Mundial de 2014. Con Toluca consigui\u00f3 el t\u00edtulo de liga del Bicentenario 2010 (en el que recibi\u00f3 el Bal\u00f3n de Oro al mejor portero) y se ha convertido en uno de los mejores en su posici\u00f3n en M\u00e9xico. Sus n\u00fameros le avalan\u00a0como\u00a0el m\u00e1s efectivo de los tres porteros de Osorio.<\/p>\n","protected":false},"excerpt":{"rendered":"<p>Los tres porteros de la Selecci\u00f3n Mexicana, bajo la lupa<\/p>\n","protected":false},"author":127,"featured_media":333505,"comment_status":"closed","ping_status":"closed","sticky":false,"template":"","format":"standard","meta":[],"categories":[5,3847],"tags":[1617],"_links":{"self":[{"href":"http:\/\/desarrollo.grupomedios.com\/futbol\/wp-json\/wp\/v2\/posts\/333490"}],"collection":[{"href":"http:\/\/desarrollo.grupomedios.com\/futbol\/wp-json\/wp\/v2\/posts"}],"about":[{"href":"http:\/\/desarrollo.grupomedios.com\/futbol\/wp-json\/wp\/v2\/types\/post"}],"author":[{"embeddable":true,"href":"http:\/\/desarrollo.grupomedios.com\/futbol\/wp-json\/wp\/v2\/users\/127"}],"replies":[{"embeddable":true,"href":"http:\/\/desarrollo.grupomedios.com\/futbol\/wp-json\/wp\/v2\/comments?post=333490"}],"version-history":[{"count":0,"href":"http:\/\/desarrollo.grupomedios.com\/futbol\/wp-json\/wp\/v2\/posts\/333490\/revisions"}],"wp:featuredmedia":[{"embeddable":true,"href":"http:\/\/desarrollo.grupomedios.com\/futbol\/wp-json\/wp\/v2\/media\/333505"}],"wp:attachment":[{"href":"http:\/\/desarrollo.grupomedios.com\/futbol\/wp-json\/wp\/v2\/media?parent=333490"}],"wp:term":[{"taxonomy":"category","embeddable":true,"href":"http:\/\/desarrollo.grupomedios.com\/futbol\/wp-json\/wp\/v2\/categories?post=333490"},{"taxonomy":"post_tag","embeddable":true,"href":"http:\/\/desarrollo.grupomedios.com\/futbol\/wp-json\/wp\/v2\/tags?post=333490"}],"curies":[{"name":"wp","href":"https:\/\/api.w.org\/{rel}","templated":true}]}}