{"id":333549,"date":"2015-11-12T14:35:41","date_gmt":"2015-11-12T19:35:41","guid":{"rendered":"http:\/\/futboltotal.com.mx\/?p=333549"},"modified":"2015-11-12T22:13:24","modified_gmt":"2015-11-13T03:13:24","slug":"futbolistas-mandan-mensaje-a-raul","status":"publish","type":"post","link":"http:\/\/desarrollo.grupomedios.com\/futbol\/videos\/futbolistas-mandan-mensaje-a-raul\/2015\/11","title":{"rendered":"Cristiano y compa\u00f1\u00eda mandan mensaje a Ra\u00fal"},"content":{"rendered":"<p>El delantero espa\u00f1ol <strong>Ra\u00fal<\/strong> Gonz\u00e1lez, pondr\u00e1 fin a su carrera como futbolista, el pr\u00f3ximo domingo, cuando enfrente con el NY Cosmos, la final de la North American Soccer League, ante el Ottawa Fury; por lo que su adi\u00f3s de las canchas no ha pasado desapercibida por el entorno futbol\u00edstico.<\/p>\n<p style=\"text-align: center;\"><span style=\"color: #3366ff;\"><strong><a style=\"color: #3366ff;\" href=\"http:\/\/futboltotal.com.mx\/2015\/11\/raul-gonzalez-se-despedira-con-final\/\">LEER M\u00c1S: Ra\u00fal se despedir\u00e1 con final<\/a><\/strong><\/span><\/p>\n<p>Fue en el Real Madrid, donde el m\u00edtico \u201c7\u201d logro sus mayores t\u00edtulos y alcanzo proyecci\u00f3n internacional, y fue precisamente en la Casa Blanca, donde elementos como Marcelo, Pepe, \u00c1lvaro Arbeloa y Cristiano Ronaldo le enviaron un emotivo mensaje, donde le dan las gracias por haber compartido cancha con \u00e9l, y dese\u00e1ndole lo mejor para el futuro.<\/p>\n<p><iframe loading=\"lazy\" src=\"https:\/\/www.youtube.com\/embed\/5sdQt877llI?feature=oembed\" frameborder=\"0\" allowfullscreen><\/iframe><\/p>\n","protected":false},"excerpt":{"rendered":"<p>Cristiano Ronaldo, Marcelo, Arbeloa, entre otros, mandan emotivo mensaje al \u201c\u00c1ngel de Madrid\u201d<\/p>\n","protected":false},"author":20,"featured_media":333552,"comment_status":"closed","ping_status":"closed","sticky":false,"template":"","format":"standard","meta":[],"categories":[3839,4,6433],"tags":[6474,2492,5988,2844],"_links":{"self":[{"href":"http:\/\/desarrollo.grupomedios.com\/futbol\/wp-json\/wp\/v2\/posts\/333549"}],"collection":[{"href":"http:\/\/desarrollo.grupomedios.com\/futbol\/wp-json\/wp\/v2\/posts"}],"about":[{"href":"http:\/\/desarrollo.grupomedios.com\/futbol\/wp-json\/wp\/v2\/types\/post"}],"author":[{"embeddable":true,"href":"http:\/\/desarrollo.grupomedios.com\/futbol\/wp-json\/wp\/v2\/users\/20"}],"replies":[{"embeddable":true,"href":"http:\/\/desarrollo.grupomedios.com\/futbol\/wp-json\/wp\/v2\/comments?post=333549"}],"version-history":[{"count":0,"href":"http:\/\/desarrollo.grupomedios.com\/futbol\/wp-json\/wp\/v2\/posts\/333549\/revisions"}],"wp:featuredmedia":[{"embeddable":true,"href":"http:\/\/desarrollo.grupomedios.com\/futbol\/wp-json\/wp\/v2\/media\/333552"}],"wp:attachment":[{"href":"http:\/\/desarrollo.grupomedios.com\/futbol\/wp-json\/wp\/v2\/media?parent=333549"}],"wp:term":[{"taxonomy":"category","embeddable":true,"href":"http:\/\/desarrollo.grupomedios.com\/futbol\/wp-json\/wp\/v2\/categories?post=333549"},{"taxonomy":"post_tag","embeddable":true,"href":"http:\/\/desarrollo.grupomedios.com\/futbol\/wp-json\/wp\/v2\/tags?post=333549"}],"curies":[{"name":"wp","href":"https:\/\/api.w.org\/{rel}","templated":true}]}}