{"id":333551,"date":"2015-11-12T18:17:52","date_gmt":"2015-11-12T23:17:52","guid":{"rendered":"http:\/\/futboltotal.com.mx\/?p=333551"},"modified":"2015-11-12T19:24:44","modified_gmt":"2015-11-13T00:24:44","slug":"suspenden-el-superclasico-argentina-vs-brasil","status":"publish","type":"post","link":"http:\/\/desarrollo.grupomedios.com\/futbol\/futbol-internacional\/suspenden-el-superclasico-argentina-vs-brasil\/2015\/11","title":{"rendered":"Suspenden el supercl\u00e1sico Argentina vs Brasil"},"content":{"rendered":"<p>El partido de eliminatorias mundialistas <strong>Argentina vs Brasil<\/strong> no se jugara este mi\u00e9rcoles a las 18:00 horas (tiempo de M\u00e9xico) tal y como estaba pactado. Las lluvias torrenciales que han ca\u00eddo en Buenos Aires durante las \u00faltimas horas han afectado seriamente el c\u00e9spe del Estadio Monumental por lo que el partido ha sido suspendido.<\/p>\n<p>De acuerdo con el reporte de medios locales, una falla en el sistema de drenaje del coloso bloque\u00f3 uno de los ductos ocasionando la acumulaci\u00f3n de agua en la mayor parte de la cancha. Ambas selecciones solicitaron aplazar el encuentro para no poner en riesgo la integridad de los jugadores. Seg\u00fan el reglamento, puede disputarse durante las 24 horas siguientes, por lo que se jugar\u00eda este viernes a la misma hora.<\/p>\n<p><embed src='http:\/\/www.ole.com.ar\/static\/DESMedia\/swf\/jwplayer\/player.swf?hash=06418663a841fc726e7547ca13cc4e14' height='300' width='500' allowscriptaccess='always' allowfullscreen='true' flashvars=\"&#038;controlbar=over&#038;file=http%3A%2F%2Fcontenidos2.ole.clarin.com%2Fsincro%2Fole%2Fflv%2F2015%2F11%2F12%2FVID%2FOLEVID20151112_0047%2Fvideo_web.flv%3Fn%3D0&#038;image=http%3A%2F%2Fwww.ole.com.ar%2Fseleccion%2FOlas-Monumental_OLEVID20151112_0047_18.jpg&#038;plugins=viral-h&#038;skin=http%3A%2F%2Fwww.ole.com.ar%2Fstatic%2FDESMedia%2Fswf%2Fjwplayer%2Fskins%2Fmodieus%2Fmodieus.swf%3Fhash%3Dfc5dafd720b7a0ee3e89f1e0222ac9d1&#038;viral.allowmenu=false&#038;viral.oncomplete=false&#038;viral.onpause=true&#038;viral.pluginmode=FLASH\"\/><\/p>\n<p><strong>Argentina<\/strong> <strong>vs Brasil<\/strong> deb\u00eda disputarse hoy como parte de la tercera jornada de las eliminatorias mundialistas de Rusia 2018 de la Conmebol. La tarde de este mi\u00e9rcoles, la CBf confirm\u00f3 que se jugar\u00e1 a la misma hora de este viernes.<\/p>\n<p style=\"text-align: center;\"><strong><a href=\"http:\/\/futboltotal.com.mx\/2015\/11\/top-10-los-jugadores-de-brasil-y-argentina-que-se-quedaron-en-promesas\/\">LEER M\u00c1S: 5 partidos memorables entre Brasil y Argentina<\/a><\/strong><\/p>\n<blockquote class=\"twitter-tweet\" lang=\"es\">\n<p dir=\"ltr\" lang=\"pt\">Partida adiada por conta da chuva que atingiu o Est\u00e1dio Monumental de N\u00fa\u00f1ez. <a href=\"https:\/\/twitter.com\/hashtag\/BRAxARG?src=hash\">#BRAxARG<\/a><a href=\"https:\/\/twitter.com\/hashtag\/FechadoComaSele%C3%A7%C3%A3o?src=hash\">#FechadoComaSele\u00e7\u00e3o<\/a><a href=\"https:\/\/t.co\/m1vT4sBBCy\">https:\/\/t.co\/m1vT4sBBCy<\/a><\/p>\n<p>\u2014 CBF Futebol (@CBF_Futebol) <a href=\"https:\/\/twitter.com\/CBF_Futebol\/status\/664946475751874560\">noviembre 12, 2015<\/a><\/p><\/blockquote>\n<p>&nbsp;<\/p>\n<p>&nbsp;<\/p>\n<p><script src=\"\/\/platform.twitter.com\/widgets.js\" async=\"\" charset=\"utf-8\"><\/script><\/p>\n","protected":false},"excerpt":{"rendered":"<p>El Estadio Monumental qued\u00f3 convertido en una alberca por las intensas lluvias en Buenos Aires<\/p>\n","protected":false},"author":20,"featured_media":333556,"comment_status":"closed","ping_status":"closed","sticky":false,"template":"","format":"standard","meta":[],"categories":[3839,5951],"tags":[5996,6009,6251,6447],"_links":{"self":[{"href":"http:\/\/desarrollo.grupomedios.com\/futbol\/wp-json\/wp\/v2\/posts\/333551"}],"collection":[{"href":"http:\/\/desarrollo.grupomedios.com\/futbol\/wp-json\/wp\/v2\/posts"}],"about":[{"href":"http:\/\/desarrollo.grupomedios.com\/futbol\/wp-json\/wp\/v2\/types\/post"}],"author":[{"embeddable":true,"href":"http:\/\/desarrollo.grupomedios.com\/futbol\/wp-json\/wp\/v2\/users\/20"}],"replies":[{"embeddable":true,"href":"http:\/\/desarrollo.grupomedios.com\/futbol\/wp-json\/wp\/v2\/comments?post=333551"}],"version-history":[{"count":0,"href":"http:\/\/desarrollo.grupomedios.com\/futbol\/wp-json\/wp\/v2\/posts\/333551\/revisions"}],"wp:featuredmedia":[{"embeddable":true,"href":"http:\/\/desarrollo.grupomedios.com\/futbol\/wp-json\/wp\/v2\/media\/333556"}],"wp:attachment":[{"href":"http:\/\/desarrollo.grupomedios.com\/futbol\/wp-json\/wp\/v2\/media?parent=333551"}],"wp:term":[{"taxonomy":"category","embeddable":true,"href":"http:\/\/desarrollo.grupomedios.com\/futbol\/wp-json\/wp\/v2\/categories?post=333551"},{"taxonomy":"post_tag","embeddable":true,"href":"http:\/\/desarrollo.grupomedios.com\/futbol\/wp-json\/wp\/v2\/tags?post=333551"}],"curies":[{"name":"wp","href":"https:\/\/api.w.org\/{rel}","templated":true}]}}