{"id":333660,"date":"2015-11-12T22:11:01","date_gmt":"2015-11-13T03:11:01","guid":{"rendered":"http:\/\/futboltotal.com.mx\/?p=333660"},"modified":"2015-11-12T22:11:01","modified_gmt":"2015-11-13T03:11:01","slug":"amine-gulse-la-nueva-conquista-de-mesut-ozil","status":"publish","type":"post","link":"http:\/\/desarrollo.grupomedios.com\/futbol\/galerias\/amine-gulse-la-nueva-conquista-de-mesut-ozil\/2015\/11","title":{"rendered":"Amine Gulse, la nueva conquista de Mesut \u00d6zil"},"content":{"rendered":"<p>Luego de terminar su relaci\u00f3n amorosa con la cantante Mandy Caprieto, <strong>Mesut \u00d6zil<\/strong> encontr\u00f3 la nueva due\u00f1a de sus suspiros, se trata de la Miss Turqu\u00eda 2014,<strong> Amine Gulse<\/strong>, quien r\u00e1pidamente encant\u00f3 al jugador a tal grado que la prensa europea asegura que la boda podr\u00eda llegar pronto.<\/p>\n<div id=\"galleryLtF\" style=\"display:none;\"><img alt=\"\" src=\"http:\/\/desarrollo.grupomedios.com\/futbol\/wp-content\/uploads\/2015\/11\/Amine-Gulse-1.jpg\" data-image=\"http:\/\/desarrollo.grupomedios.com\/futbol\/wp-content\/uploads\/2015\/11\/Amine-Gulse-1.jpg\" data-description=\"Amine Gulse 1\"><img alt=\"\" src=\"http:\/\/desarrollo.grupomedios.com\/futbol\/wp-content\/uploads\/2015\/11\/Amine-Gulse-2-.jpg\" data-image=\"http:\/\/desarrollo.grupomedios.com\/futbol\/wp-content\/uploads\/2015\/11\/Amine-Gulse-2-.jpg\" data-description=\"Amine Gulse 2\"><img alt=\"\" src=\"http:\/\/desarrollo.grupomedios.com\/futbol\/wp-content\/uploads\/2015\/11\/Amine-Gulse-3.jpg\" data-image=\"http:\/\/desarrollo.grupomedios.com\/futbol\/wp-content\/uploads\/2015\/11\/Amine-Gulse-3.jpg\" data-description=\"Amine Gulse 3\"><img alt=\"\" src=\"http:\/\/desarrollo.grupomedios.com\/futbol\/wp-content\/uploads\/2015\/11\/Amine-Gulse-4.jpg\" data-image=\"http:\/\/desarrollo.grupomedios.com\/futbol\/wp-content\/uploads\/2015\/11\/Amine-Gulse-4.jpg\" data-description=\"Amine Gulse 4\"><img alt=\"\" src=\"http:\/\/desarrollo.grupomedios.com\/futbol\/wp-content\/uploads\/2015\/11\/Amine-Gulse-5.jpg\" data-image=\"http:\/\/desarrollo.grupomedios.com\/futbol\/wp-content\/uploads\/2015\/11\/Amine-Gulse-5.jpg\" data-description=\"Amine Gulse 5\"><img alt=\"\" src=\"http:\/\/desarrollo.grupomedios.com\/futbol\/wp-content\/uploads\/2015\/11\/Amine-Gulse-6.jpg\" data-image=\"http:\/\/desarrollo.grupomedios.com\/futbol\/wp-content\/uploads\/2015\/11\/Amine-Gulse-6.jpg\" data-description=\"Amine Gulse 6\"><img alt=\"\" src=\"http:\/\/desarrollo.grupomedios.com\/futbol\/wp-content\/uploads\/2015\/11\/Amine-Gulse-7.jpg\" data-image=\"http:\/\/desarrollo.grupomedios.com\/futbol\/wp-content\/uploads\/2015\/11\/Amine-Gulse-7.jpg\" data-description=\"Amine Gulse 7\"><img alt=\"\" src=\"http:\/\/desarrollo.grupomedios.com\/futbol\/wp-content\/uploads\/2015\/11\/Amine-Gulse-8.jpg\" data-image=\"http:\/\/desarrollo.grupomedios.com\/futbol\/wp-content\/uploads\/2015\/11\/Amine-Gulse-8.jpg\" data-description=\"Amine Gulse 8\"><img alt=\"\" src=\"http:\/\/desarrollo.grupomedios.com\/futbol\/wp-content\/uploads\/2015\/11\/Amine-Gulse-9.jpg\" data-image=\"http:\/\/desarrollo.grupomedios.com\/futbol\/wp-content\/uploads\/2015\/11\/Amine-Gulse-9.jpg\" data-description=\"Amine Gulse 9\"><img alt=\"\" src=\"http:\/\/desarrollo.grupomedios.com\/futbol\/wp-content\/uploads\/2015\/11\/Amine-Gulse-10.jpg\" data-image=\"http:\/\/desarrollo.grupomedios.com\/futbol\/wp-content\/uploads\/2015\/11\/Amine-Gulse-10.jpg\" data-description=\"Amine Gulse 10\"><\/div>\n        <script>\n        \/\/galeria 1\n        jQuery(document).ready(function(){ \n            var api;\n            api = jQuery(\"#galleryLtF\").unitegallery({\n                carousel_autoplay: false\n            }); \n        });\n        <\/script>\n        \n","protected":false},"excerpt":{"rendered":"<p>A la Miss Turqu\u00eda 2014 se le ha visto en varias ocasiones con el alem\u00e1n<\/p>\n","protected":false},"author":20,"featured_media":333665,"comment_status":"closed","ping_status":"closed","sticky":false,"template":"","format":"standard","meta":[],"categories":[6408,5422,3],"tags":[4166,2033],"_links":{"self":[{"href":"http:\/\/desarrollo.grupomedios.com\/futbol\/wp-json\/wp\/v2\/posts\/333660"}],"collection":[{"href":"http:\/\/desarrollo.grupomedios.com\/futbol\/wp-json\/wp\/v2\/posts"}],"about":[{"href":"http:\/\/desarrollo.grupomedios.com\/futbol\/wp-json\/wp\/v2\/types\/post"}],"author":[{"embeddable":true,"href":"http:\/\/desarrollo.grupomedios.com\/futbol\/wp-json\/wp\/v2\/users\/20"}],"replies":[{"embeddable":true,"href":"http:\/\/desarrollo.grupomedios.com\/futbol\/wp-json\/wp\/v2\/comments?post=333660"}],"version-history":[{"count":0,"href":"http:\/\/desarrollo.grupomedios.com\/futbol\/wp-json\/wp\/v2\/posts\/333660\/revisions"}],"wp:featuredmedia":[{"embeddable":true,"href":"http:\/\/desarrollo.grupomedios.com\/futbol\/wp-json\/wp\/v2\/media\/333665"}],"wp:attachment":[{"href":"http:\/\/desarrollo.grupomedios.com\/futbol\/wp-json\/wp\/v2\/media?parent=333660"}],"wp:term":[{"taxonomy":"category","embeddable":true,"href":"http:\/\/desarrollo.grupomedios.com\/futbol\/wp-json\/wp\/v2\/categories?post=333660"},{"taxonomy":"post_tag","embeddable":true,"href":"http:\/\/desarrollo.grupomedios.com\/futbol\/wp-json\/wp\/v2\/tags?post=333660"}],"curies":[{"name":"wp","href":"https:\/\/api.w.org\/{rel}","templated":true}]}}